{"id":53163,"date":"2025-09-07T10:35:11","date_gmt":"2025-09-07T07:35:11","guid":{"rendered":"https:\/\/www.egemtv.com\/?p=53163"},"modified":"2025-09-07T10:35:12","modified_gmt":"2025-09-07T07:35:12","slug":"burdurda-otomobil-yol-kenarindaki-levhaya-carpti-3-yarali","status":"publish","type":"post","link":"https:\/\/www.egemtv.com\/?p=53163","title":{"rendered":"Burdur\u2019da otomobil yol kenar\u0131ndaki levhaya \u00e7arpt\u0131: 3 yaral\u0131"},"content":{"rendered":"<p>Burdur\u2019un A\u011flasun il\u00e7esinde, s\u00fcr\u00fcc\u00fcs\u00fcn\u00fcn direksiyon hakimiyetini kaybetmesi sonucu otomobilin yol kenar\u0131ndaki levhaya \u00e7arpt\u0131\u011f\u0131 kazada 3 ki\u015fi yaraland\u0131.<br \/>\n<br \/>Kaza, A\u011flasun il\u00e7esi Isparta &#8211; Antalya kara yolunda meydana geldi. Edinilen bilgiye g\u00f6re, M.A. (24) idaresindeki 32 ABF 922 plakal\u0131 otomobil, s\u00fcr\u00fcc\u00fcs\u00fcn\u00fcn direksiyon hakimiyetini kaybetmesi sonucu yol kenar\u0131ndaki levha dire\u011fine \u00e7arpt\u0131. Kazada s\u00fcr\u00fcc\u00fc ve ara\u00e7ta yolcu olan H.\u00d6. ile H.A. yaraland\u0131. Kaza ihbar\u0131 \u00fczerine olay yerine itfaiye, sa\u011fl\u0131k ve jandarma ekipleri sevk edildi. Yaral\u0131lar, sa\u011fl\u0131k ekipleri taraf\u0131ndan yap\u0131lan ilk m\u00fcdahalenin ard\u0131ndan ambulansla hastaneye kald\u0131r\u0131larak tedavi alt\u0131na al\u0131nd\u0131. Hurdaya d\u00f6nen ara\u00e7 ise ekipler taraf\u0131ndan \u00e7ekiciyle olay yerinden kald\u0131r\u0131ld\u0131.<br \/>\n<br \/>Kazayla ilgili tahkikat ba\u015flat\u0131ld\u0131.<br \/><\/p>\n","protected":false},"excerpt":{"rendered":"<p>Burdur\u2019un A\u011flasun il\u00e7esinde, s\u00fcr\u00fcc\u00fcs\u00fcn\u00fcn direksiyon hakimiyetini kaybetmesi sonucu otomobilin yol kenar\u0131ndaki levhaya \u00e7arpt\u0131\u011f\u0131 kazada 3 ki\u015fi yaraland\u0131. Kaza, A\u011flasun il\u00e7esi Isparta &#8211; Antalya kara yolunda meydana geldi. Edinilen bilgiye g\u00f6re, M.A. (24) idaresindeki 32 ABF 922 plakal\u0131 otomobil, s\u00fcr\u00fcc\u00fcs\u00fcn\u00fcn direksiyon hakimiyetini kaybetmesi sonucu yol kenar\u0131ndaki levha dire\u011fine \u00e7arpt\u0131. Kazada s\u00fcr\u00fcc\u00fc ve ara\u00e7ta yolcu olan H.\u00d6&#8230;.<\/p>\n","protected":false},"author":1,"featured_media":53164,"comment_status":"open","ping_status":"open","sticky":false,"template":"","format":"standard","meta":{"_crdt_document":"","footnotes":""},"categories":[5],"tags":[],"class_list":["post-53163","post","type-post","status-publish","format-standard","has-post-thumbnail","hentry","category-asayis"],"_links":{"self":[{"href":"https:\/\/www.egemtv.com\/index.php?rest_route=\/wp\/v2\/posts\/53163","targetHints":{"allow":["GET"]}}],"collection":[{"href":"https:\/\/www.egemtv.com\/index.php?rest_route=\/wp\/v2\/posts"}],"about":[{"href":"https:\/\/www.egemtv.com\/index.php?rest_route=\/wp\/v2\/types\/post"}],"author":[{"embeddable":true,"href":"https:\/\/www.egemtv.com\/index.php?rest_route=\/wp\/v2\/users\/1"}],"replies":[{"embeddable":true,"href":"https:\/\/www.egemtv.com\/index.php?rest_route=%2Fwp%2Fv2%2Fcomments&post=53163"}],"version-history":[{"count":1,"href":"https:\/\/www.egemtv.com\/index.php?rest_route=\/wp\/v2\/posts\/53163\/revisions"}],"predecessor-version":[{"id":53165,"href":"https:\/\/www.egemtv.com\/index.php?rest_route=\/wp\/v2\/posts\/53163\/revisions\/53165"}],"wp:featuredmedia":[{"embeddable":true,"href":"https:\/\/www.egemtv.com\/index.php?rest_route=\/wp\/v2\/media\/53164"}],"wp:attachment":[{"href":"https:\/\/www.egemtv.com\/index.php?rest_route=%2Fwp%2Fv2%2Fmedia&parent=53163"}],"wp:term":[{"taxonomy":"category","embeddable":true,"href":"https:\/\/www.egemtv.com\/index.php?rest_route=%2Fwp%2Fv2%2Fcategories&post=53163"},{"taxonomy":"post_tag","embeddable":true,"href":"https:\/\/www.egemtv.com\/index.php?rest_route=%2Fwp%2Fv2%2Ftags&post=53163"}],"curies":[{"name":"wp","href":"https:\/\/api.w.org\/{rel}","templated":true}]}}