{"id":53160,"date":"2025-09-07T10:35:10","date_gmt":"2025-09-07T07:35:10","guid":{"rendered":"https:\/\/www.egemtv.com\/?p=53160"},"modified":"2025-09-07T10:35:11","modified_gmt":"2025-09-07T07:35:11","slug":"bakan-goktastan-manisa-valiligi-ve-ak-partiye-ziyaret","status":"publish","type":"post","link":"https:\/\/www.egemtv.com\/?p=53160","title":{"rendered":"Bakan G\u00f6kta\u015f\u2019tan Manisa Valili\u011fi ve AK Parti\u2019ye ziyaret"},"content":{"rendered":"<p>Aile ve Sosyal Hizmetler Bakan\u0131 Mahinur \u00d6zdemir G\u00f6kta\u015f, Manisa\u2019daki temaslar\u0131 kapsam\u0131nda Manisa Valili\u011fi ile AK Parti Manisa \u0130l Ba\u015fkanl\u0131\u011f\u0131n\u0131 da ziyaret ederek \u00e7al\u0131\u015fmalar hakk\u0131nda bilgi ald\u0131.<br \/>\n<br \/>Bir dizi ziyaret ve toplant\u0131lara kat\u0131lmak \u00fczere cumartesi g\u00fcn\u00fc Manisa\u2019ya gelen Aile ve Sosyal Hizmetler Bakan\u0131 Mahinur \u00d6zdemir G\u00f6kta\u015f Manisa Valili\u011fi ve AK Parti \u0130l Ba\u015fkanl\u0131\u011f\u0131n\u0131 ziyaret etti.<br \/>\n<br \/>Manisa Valili\u011fi ziyaretinde Vali Vahdettin \u00d6zkan taraf\u0131ndan kar\u015f\u0131lanan Bakan G\u00f6kta\u015f\u2019a AK Parti Genel Ba\u015fkan Vekili Yard\u0131mc\u0131s\u0131 Do\u00e7. Dr. Ay\u015fe Nevin Sert, AK Parti MKYK \u00dcyesi ve Manisa Milletvekili M\u00fccahit Ar\u0131n\u00e7, AK Parti Manisa Milletvekilleri Tamer Akkal, Murat Baybatur, AK Parti Manisa \u0130l Ba\u015fkan\u0131 S\u00fcleyman Turgut ve bakanl\u0131k b\u00fcrokratlar\u0131 e\u015flik etti.<br \/>\n<br \/>Bakan G\u00f6kta\u015f, Vali Vahdettin \u00d6zkan\u2019dan Aile Y\u0131l\u0131 kapsam\u0131nda \u015fehirde y\u00fcr\u00fct\u00fclen \u00e7al\u0131\u015fmalar ve vatanda\u015flar\u0131n ihtiya\u00e7lar\u0131na y\u00f6nelik hizmetler hakk\u0131nda bilgi ald\u0131.<br \/>\n<br \/>Manisa Valili\u011finden sonra AK Parti Manisa \u0130l Ba\u015fkanl\u0131\u011f\u0131n\u0131 ziyaret eden Bakan G\u00f6kta\u015f burada da partililerle bulu\u015ftu.<br \/>\n<br \/>G\u00f6kta\u015f, AK Parti Manisa \u0130l Ba\u015fkanl\u0131\u011f\u0131nda \u0130l Ba\u015fkan\u0131 S\u00fcleyman Turgut ve te\u015fkilat \u00fcyeleriyle bir araya gelerek, Manisa te\u015fkilat\u0131n\u0131n heyecan\u0131 ve samimiyetinin, hizmet yolculuklar\u0131n\u0131 g\u00fc\u00e7 katt\u0131\u011f\u0131n\u0131, \u015eehzadeler \u015fehri Manisa\u2019da, T\u00fcrkiye Y\u00fczy\u0131l\u0131 vizyonuyla daha nice eser ve hizmet kazand\u0131rmak i\u00e7in omuz omuza \u00e7al\u0131\u015fmaya devam edeceklerini ifade etti.<br \/><\/p>\n","protected":false},"excerpt":{"rendered":"<p>Aile ve Sosyal Hizmetler Bakan\u0131 Mahinur \u00d6zdemir G\u00f6kta\u015f, Manisa\u2019daki temaslar\u0131 kapsam\u0131nda Manisa Valili\u011fi ile AK Parti Manisa \u0130l Ba\u015fkanl\u0131\u011f\u0131n\u0131 da ziyaret ederek \u00e7al\u0131\u015fmalar hakk\u0131nda bilgi ald\u0131. Bir dizi ziyaret ve toplant\u0131lara kat\u0131lmak \u00fczere cumartesi g\u00fcn\u00fc Manisa\u2019ya gelen Aile ve Sosyal Hizmetler Bakan\u0131 Mahinur \u00d6zdemir G\u00f6kta\u015f Manisa Valili\u011fi ve AK Parti \u0130l Ba\u015fkanl\u0131\u011f\u0131n\u0131 ziyaret etti. Manisa&#8230;<\/p>\n","protected":false},"author":1,"featured_media":53161,"comment_status":"open","ping_status":"open","sticky":false,"template":"","format":"standard","meta":{"_crdt_document":"","footnotes":""},"categories":[127],"tags":[],"class_list":["post-53160","post","type-post","status-publish","format-standard","has-post-thumbnail","hentry","category-siyaset"],"_links":{"self":[{"href":"https:\/\/www.egemtv.com\/index.php?rest_route=\/wp\/v2\/posts\/53160","targetHints":{"allow":["GET"]}}],"collection":[{"href":"https:\/\/www.egemtv.com\/index.php?rest_route=\/wp\/v2\/posts"}],"about":[{"href":"https:\/\/www.egemtv.com\/index.php?rest_route=\/wp\/v2\/types\/post"}],"author":[{"embeddable":true,"href":"https:\/\/www.egemtv.com\/index.php?rest_route=\/wp\/v2\/users\/1"}],"replies":[{"embeddable":true,"href":"https:\/\/www.egemtv.com\/index.php?rest_route=%2Fwp%2Fv2%2Fcomments&post=53160"}],"version-history":[{"count":1,"href":"https:\/\/www.egemtv.com\/index.php?rest_route=\/wp\/v2\/posts\/53160\/revisions"}],"predecessor-version":[{"id":53162,"href":"https:\/\/www.egemtv.com\/index.php?rest_route=\/wp\/v2\/posts\/53160\/revisions\/53162"}],"wp:featuredmedia":[{"embeddable":true,"href":"https:\/\/www.egemtv.com\/index.php?rest_route=\/wp\/v2\/media\/53161"}],"wp:attachment":[{"href":"https:\/\/www.egemtv.com\/index.php?rest_route=%2Fwp%2Fv2%2Fmedia&parent=53160"}],"wp:term":[{"taxonomy":"category","embeddable":true,"href":"https:\/\/www.egemtv.com\/index.php?rest_route=%2Fwp%2Fv2%2Fcategories&post=53160"},{"taxonomy":"post_tag","embeddable":true,"href":"https:\/\/www.egemtv.com\/index.php?rest_route=%2Fwp%2Fv2%2Ftags&post=53160"}],"curies":[{"name":"wp","href":"https:\/\/api.w.org\/{rel}","templated":true}]}}