{"id":53157,"date":"2025-09-07T10:35:09","date_gmt":"2025-09-07T07:35:09","guid":{"rendered":"https:\/\/www.egemtv.com\/?p=53157"},"modified":"2025-09-07T10:35:10","modified_gmt":"2025-09-07T07:35:10","slug":"manisada-48-yillik-evli-cifte-bakan-goktastan-tebrik","status":"publish","type":"post","link":"https:\/\/www.egemtv.com\/?p=53157","title":{"rendered":"Manisa\u2019da 48 y\u0131ll\u0131k evli \u00e7ifte Bakan G\u00f6kta\u015f\u2019tan tebrik"},"content":{"rendered":"<p>Aile ve Sosyal Hizmetler Bakan\u0131 Mahinur \u00d6zdemir G\u00f6kta\u015f, cumartesi g\u00fcn\u00fc Manisa\u2019ya ger\u00e7ekle\u015ftirdi\u011fi program\u0131 kapsam\u0131nda K\u0131br\u0131s Gazisi 72 ya\u015f\u0131ndaki Mustafa Bulut ve e\u015fi Fatma Birg\u00fcl Bulut\u2019u evlerinde ziyaret ederek tebrik etti.<br \/>\n<br \/>Aile ve Sosyal Hizmetler Bakan\u0131 Mahinur \u00d6zdemir G\u00f6kta\u015f Manisa ziyaretinde, Aile Y\u0131l\u0131 kapsam\u0131nda 48 y\u0131ll\u0131k evli olan K\u0131br\u0131s Gazisi Mustafa Bulut ve e\u015fi Fatma Birg\u00fcl Bulut\u2019u evlerinde ziyaret etti. Manisa Valisi Vahdettin \u00d6zkan ve AK Parti Genel Ba\u015fkan Vekili Yard\u0131mc\u0131s\u0131 Do\u00e7. Dr. Ay\u015fe Nevin Sert, AK Parti Manisa milletvekilleri Murat Baybatur, Tamer Akkal, AK Parti Manisa \u0130l Ba\u015fkan\u0131 S\u00fcleyman Turgut ve bakanl\u0131k b\u00fcrokratlar\u0131n\u0131n da e\u015flik etti\u011fi ziyarette Bakan G\u00f6kta\u015f aile kurumunun \u00f6nemine dikkat \u00e7ekerek 48 y\u0131ll\u0131k evli \u00e7ifti tebrik etti.<br \/><\/p>\n","protected":false},"excerpt":{"rendered":"<p>Aile ve Sosyal Hizmetler Bakan\u0131 Mahinur \u00d6zdemir G\u00f6kta\u015f, cumartesi g\u00fcn\u00fc Manisa\u2019ya ger\u00e7ekle\u015ftirdi\u011fi program\u0131 kapsam\u0131nda K\u0131br\u0131s Gazisi 72 ya\u015f\u0131ndaki Mustafa Bulut ve e\u015fi Fatma Birg\u00fcl Bulut\u2019u evlerinde ziyaret ederek tebrik etti. Aile ve Sosyal Hizmetler Bakan\u0131 Mahinur \u00d6zdemir G\u00f6kta\u015f Manisa ziyaretinde, Aile Y\u0131l\u0131 kapsam\u0131nda 48 y\u0131ll\u0131k evli olan K\u0131br\u0131s Gazisi Mustafa Bulut ve e\u015fi Fatma Birg\u00fcl&#8230;<\/p>\n","protected":false},"author":1,"featured_media":53158,"comment_status":"open","ping_status":"open","sticky":false,"template":"","format":"standard","meta":{"_crdt_document":"","footnotes":""},"categories":[127],"tags":[],"class_list":["post-53157","post","type-post","status-publish","format-standard","has-post-thumbnail","hentry","category-siyaset"],"_links":{"self":[{"href":"https:\/\/www.egemtv.com\/index.php?rest_route=\/wp\/v2\/posts\/53157","targetHints":{"allow":["GET"]}}],"collection":[{"href":"https:\/\/www.egemtv.com\/index.php?rest_route=\/wp\/v2\/posts"}],"about":[{"href":"https:\/\/www.egemtv.com\/index.php?rest_route=\/wp\/v2\/types\/post"}],"author":[{"embeddable":true,"href":"https:\/\/www.egemtv.com\/index.php?rest_route=\/wp\/v2\/users\/1"}],"replies":[{"embeddable":true,"href":"https:\/\/www.egemtv.com\/index.php?rest_route=%2Fwp%2Fv2%2Fcomments&post=53157"}],"version-history":[{"count":1,"href":"https:\/\/www.egemtv.com\/index.php?rest_route=\/wp\/v2\/posts\/53157\/revisions"}],"predecessor-version":[{"id":53159,"href":"https:\/\/www.egemtv.com\/index.php?rest_route=\/wp\/v2\/posts\/53157\/revisions\/53159"}],"wp:featuredmedia":[{"embeddable":true,"href":"https:\/\/www.egemtv.com\/index.php?rest_route=\/wp\/v2\/media\/53158"}],"wp:attachment":[{"href":"https:\/\/www.egemtv.com\/index.php?rest_route=%2Fwp%2Fv2%2Fmedia&parent=53157"}],"wp:term":[{"taxonomy":"category","embeddable":true,"href":"https:\/\/www.egemtv.com\/index.php?rest_route=%2Fwp%2Fv2%2Fcategories&post=53157"},{"taxonomy":"post_tag","embeddable":true,"href":"https:\/\/www.egemtv.com\/index.php?rest_route=%2Fwp%2Fv2%2Ftags&post=53157"}],"curies":[{"name":"wp","href":"https:\/\/api.w.org\/{rel}","templated":true}]}}