{"id":53154,"date":"2025-09-07T10:35:09","date_gmt":"2025-09-07T07:35:09","guid":{"rendered":"https:\/\/www.egemtv.com\/?p=53154"},"modified":"2025-09-07T10:35:09","modified_gmt":"2025-09-07T07:35:09","slug":"baskan-gencay-aysenur-ezgiyi-unutmadik-unutmayacagiz","status":"publish","type":"post","link":"https:\/\/www.egemtv.com\/?p=53154","title":{"rendered":"Ba\u015fkan Gen\u00e7ay: &#8220;Ay\u015fenur Ezgi\u2019yi unutmad\u0131k, unutmayaca\u011f\u0131z&#8221;"},"content":{"rendered":"<p>6 Eyl\u00fcl 2024 tarihinde Filistin\u2019in Bat\u0131 \u015eeria b\u00f6lgesinde \u0130srail askerleri taraf\u0131ndan \u015fehit edilen Ay\u015fenur Ezgi Eygi, \u015fehadetinin birinci y\u0131l\u0131nda ailesinin de ya\u015fad\u0131\u011f\u0131 Didim\u2019de an\u0131ld\u0131.<\/p>\n<p>Didim Belediyesi taraf\u0131ndan, ad\u0131n\u0131 ya\u015fatmak \u00fczere yap\u0131lan Ay\u015fenur Ezgi Eygi Park\u0131\u2019nda d\u00fczenlenen anma t\u00f6renine Didim Belediye Ba\u015fkan\u0131 Hatice Gen\u00e7ay, Belediye Ba\u015fkan Yard\u0131mc\u0131lar\u0131 Aydan A\u015f\u0131k Turgut ve Kaan Top\u00e7uo\u011fullar\u0131, Belediye Meclis \u00fcyeleri, Ay\u015fenur Ezgi Eygi\u2019nin ailesi ve arkada\u015flar\u0131 kat\u0131ld\u0131.<br \/>\n<br \/>Etkinlik kapsam\u0131nda, Filistin \u00d6\u011frenciler Birli\u011fi Ba\u015fkan\u0131 Yusuf Barakat moderat\u00f6rl\u00fc\u011f\u00fcnde bir s\u00f6yle\u015fi ger\u00e7ekle\u015ftirildi. Ay\u015fenur\u2019un e\u015fi Hamid Mazhar ve dostlar\u0131 Samah Park Imtiaz ile Tamara Alsaied duygu ve d\u00fc\u015f\u00fcncelerini payla\u015ft\u0131. Anmada ayr\u0131ca, Atakan Y\u0131ld\u0131r\u0131m, Ay\u015fenur\u2019un sevdi\u011fi t\u00fcrk\u00fclerden biri olan Ne\u015fet Erta\u015f\u2019\u0131n &#8220;Yalan D\u00fcnya&#8221; eserini seslendirdi.<br \/>\n<br \/>Anma t\u00f6reninde konu\u015fan Didim Belediye Ba\u015fkan\u0131 Hatice Gen\u00e7ay, \u015funlar\u0131 kaydetti: &#8220;Ne yaz\u0131k ki yeni bir karanl\u0131k y\u00fczy\u0131l ya\u015f\u0131yoruz. D\u00fcnyay\u0131 daha ya\u015fan\u0131l\u0131r k\u0131lmak yerine sava\u015flar\u0131, \u00e7at\u0131\u015fmalar\u0131 ve \u00f6l\u00fcmleri art\u0131ran otoriter liderler, insanl\u0131\u011f\u0131 karanl\u0131\u011fa s\u00fcr\u00fckl\u00fcyor. Bu karanl\u0131k d\u00f6nemin en ac\u0131 tablosu, \u0130srail h\u00fck\u00fcmetinin Filistin ve Gazze\u2019de uygulad\u0131\u011f\u0131 soyk\u0131r\u0131md\u0131r. Binlerce sivil ya\u015fam\u0131n\u0131 yitirdi, milyonlarca insan yurtlar\u0131n\u0131 terk etmek zorunda kald\u0131. Ancak b\u00f6ylesi d\u00f6nemlerde, zulm\u00fcn kar\u015f\u0131s\u0131nda cesur kahramanlar \u00e7\u0131kar. \u2018Zul\u00fcm bizdense, ben bizden de\u011filim\u2019 diyebilen, insanl\u0131\u011f\u0131n onuru i\u00e7in duran kahramanlar. Deniz Gezmi\u015f gibi, Ay\u015fenur Ezgi Eygi gibi. Sevgili Ay\u015fenur k\u0131z\u0131m\u0131z, Filistin halk\u0131yla dayan\u0131\u015fmak i\u00e7in gitti\u011fi topraklarda hedef al\u0131narak katledildi. O, bir insan haklar\u0131 savunucusuydu. Ya\u015fam hakk\u0131 elinden al\u0131nsa da m\u00fccadelesi hepimizin y\u00fcre\u011finde ya\u015famaya devam ediyor. Didim Belediyesi olarak bu kahraman\u0131n ad\u0131n\u0131 ya\u015fatmak i\u00e7in bir park a\u00e7t\u0131k. Bu, Filistin m\u00fccadelesine verilen deste\u011fin en anlaml\u0131 g\u00f6stergesiydi. Bug\u00fcn, Ay\u015fenur k\u0131z\u0131m\u0131z\u0131 sonsuzlu\u011fa u\u011furlay\u0131\u015f\u0131m\u0131z\u0131n birinci y\u0131l\u0131. Didim\u2019de, halk\u0131m\u0131z\u0131n kalbinde sonsuza dek ya\u015fayacak. Ailesine ve t\u00fcm insan haklar\u0131 savunucular\u0131na bir kez daha ba\u015f sa\u011fl\u0131\u011f\u0131 diliyorum. Ruhu \u015fad olsun.&#8221;<br \/>\n<br \/>T\u00f6ren, Ay\u015fenur Ezgi Eygi\u2019nin heykeline b\u0131rak\u0131lan karanfillerle son buldu.<br \/><\/p>\n","protected":false},"excerpt":{"rendered":"<p>6 Eyl\u00fcl 2024 tarihinde Filistin\u2019in Bat\u0131 \u015eeria b\u00f6lgesinde \u0130srail askerleri taraf\u0131ndan \u015fehit edilen Ay\u015fenur Ezgi Eygi, \u015fehadetinin birinci y\u0131l\u0131nda ailesinin de ya\u015fad\u0131\u011f\u0131 Didim\u2019de an\u0131ld\u0131. Didim Belediyesi taraf\u0131ndan, ad\u0131n\u0131 ya\u015fatmak \u00fczere yap\u0131lan Ay\u015fenur Ezgi Eygi Park\u0131\u2019nda d\u00fczenlenen anma t\u00f6renine Didim Belediye Ba\u015fkan\u0131 Hatice Gen\u00e7ay, Belediye Ba\u015fkan Yard\u0131mc\u0131lar\u0131 Aydan A\u015f\u0131k Turgut ve Kaan Top\u00e7uo\u011fullar\u0131, Belediye Meclis \u00fcyeleri,&#8230;<\/p>\n","protected":false},"author":1,"featured_media":53155,"comment_status":"open","ping_status":"open","sticky":false,"template":"","format":"standard","meta":{"_crdt_document":"","footnotes":""},"categories":[1],"tags":[],"class_list":["post-53154","post","type-post","status-publish","format-standard","has-post-thumbnail","hentry","category-guncel"],"_links":{"self":[{"href":"https:\/\/www.egemtv.com\/index.php?rest_route=\/wp\/v2\/posts\/53154","targetHints":{"allow":["GET"]}}],"collection":[{"href":"https:\/\/www.egemtv.com\/index.php?rest_route=\/wp\/v2\/posts"}],"about":[{"href":"https:\/\/www.egemtv.com\/index.php?rest_route=\/wp\/v2\/types\/post"}],"author":[{"embeddable":true,"href":"https:\/\/www.egemtv.com\/index.php?rest_route=\/wp\/v2\/users\/1"}],"replies":[{"embeddable":true,"href":"https:\/\/www.egemtv.com\/index.php?rest_route=%2Fwp%2Fv2%2Fcomments&post=53154"}],"version-history":[{"count":1,"href":"https:\/\/www.egemtv.com\/index.php?rest_route=\/wp\/v2\/posts\/53154\/revisions"}],"predecessor-version":[{"id":53156,"href":"https:\/\/www.egemtv.com\/index.php?rest_route=\/wp\/v2\/posts\/53154\/revisions\/53156"}],"wp:featuredmedia":[{"embeddable":true,"href":"https:\/\/www.egemtv.com\/index.php?rest_route=\/wp\/v2\/media\/53155"}],"wp:attachment":[{"href":"https:\/\/www.egemtv.com\/index.php?rest_route=%2Fwp%2Fv2%2Fmedia&parent=53154"}],"wp:term":[{"taxonomy":"category","embeddable":true,"href":"https:\/\/www.egemtv.com\/index.php?rest_route=%2Fwp%2Fv2%2Fcategories&post=53154"},{"taxonomy":"post_tag","embeddable":true,"href":"https:\/\/www.egemtv.com\/index.php?rest_route=%2Fwp%2Fv2%2Ftags&post=53154"}],"curies":[{"name":"wp","href":"https:\/\/api.w.org\/{rel}","templated":true}]}}