{"id":53151,"date":"2025-09-07T10:14:52","date_gmt":"2025-09-07T07:14:52","guid":{"rendered":"https:\/\/www.egemtv.com\/?p=53151"},"modified":"2025-09-07T10:14:53","modified_gmt":"2025-09-07T07:14:53","slug":"efelerde-65-bin-500-ucretsiz-ders-kitabi-siralarda-hazir","status":"publish","type":"post","link":"https:\/\/www.egemtv.com\/?p=53151","title":{"rendered":"Efeler\u2019de 65 bin 500 \u00fccretsiz ders kitab\u0131 s\u0131ralarda haz\u0131r"},"content":{"rendered":"<p>Yeni e\u011fitim \u00f6\u011fretim d\u00f6nemi kapsam\u0131nda Ayd\u0131n\u2019\u0131n Efeler il\u00e7esine g\u00f6nderilen \u00fccretsiz ders kitaplar\u0131 haz\u0131rlan\u0131rken, 65 bin 500 \u00fccretsiz ders kitab\u0131 \u00f6\u011frencilerini bekliyor.<\/p>\n<p>Milli E\u011fitim Bakanl\u0131\u011f\u0131 taraf\u0131ndan e\u011fitimde f\u0131rsat e\u015fitli\u011fi hedefiyle her sene 1. s\u0131n\u0131ftan 12. s\u0131n\u0131fa kadar da\u011f\u0131t\u0131lan \u00fccretsiz ders kitaplar\u0131 bu y\u0131l da \u00f6\u011frencilere da\u011f\u0131t\u0131lmas\u0131 i\u00e7in il ve il\u00e7elere ula\u015ft\u0131r\u0131ld\u0131. Ayd\u0131n genelinde oldu\u011fu gibi merkez il\u00e7e Efeler\u2019de de da\u011f\u0131t\u0131lacak olan \u00fccretsiz ders ve yard\u0131mc\u0131 kaynak kitaplar\u0131, \u00f6\u011frencilerin s\u0131ralar\u0131nda haz\u0131rland\u0131. Bu kapsamda Efeler \u0130l\u00e7e Milli E\u011fitim M\u00fcd\u00fcrl\u00fc\u011f\u00fc koordinesinde okullara ula\u015ft\u0131r\u0131lan 65 bin 500 adet \u00fccretsiz ders kitab\u0131 ve yard\u0131mc\u0131 kaynaklar\u0131 \u00f6\u011frencilerini bekliyor. Konu ile ilgili Efeler \u0130l\u00e7e Milli E\u011fitim M\u00fcd\u00fcrl\u00fc\u011f\u00fc\u2019nden yap\u0131lan payla\u015f\u0131mda &#8220;2025-2026 E\u011fitim-\u00d6\u011fretim Y\u0131l\u0131nda okutulmak \u00fczere MEB taraf\u0131ndan \u00fccretsiz olarak g\u00f6nderilen ders kitaplar\u0131m\u0131z \u00f6\u011frencilerimize teslim edilmek \u00fczere s\u0131n\u0131flar\u0131m\u0131za yerle\u015ftirilmi\u015ftir&#8221; ifadeleri yer ald\u0131.<\/p>\n<p>24 okul \u00f6ncesi, 62 ilkokul, 47 ortaokul, 39 lise ve 8 \u00f6zel e\u011fitim olmak \u00fczere toplam 180 \u00f6zel ve resmi e\u011fitim kurumu bulunan merkez il\u00e7e Efeler\u2019de 54 bin 217, il genelinde ise 188 bin 343 \u00f6\u011frenci i\u00e7in ders zili 8 Eyl\u00fcl Pazartesi g\u00fcn\u00fc \u00e7alacak. Ayr\u0131ca 2025-2026 e\u011fitim ve \u00f6\u011fretim y\u0131l\u0131nda birinci d\u00f6nem 8 Eyl\u00fcl 2025 Pazartesi g\u00fcn\u00fc ba\u015flay\u0131p, 16 Ocak 2026 Cuma g\u00fcn\u00fc sona erecek. \u0130lk ara tatil ise 10-14 Kas\u0131m 2025 tarihleri aras\u0131nda yap\u0131lacak.<br \/><\/p>\n","protected":false},"excerpt":{"rendered":"<p>Yeni e\u011fitim \u00f6\u011fretim d\u00f6nemi kapsam\u0131nda Ayd\u0131n\u2019\u0131n Efeler il\u00e7esine g\u00f6nderilen \u00fccretsiz ders kitaplar\u0131 haz\u0131rlan\u0131rken, 65 bin 500 \u00fccretsiz ders kitab\u0131 \u00f6\u011frencilerini bekliyor. Milli E\u011fitim Bakanl\u0131\u011f\u0131 taraf\u0131ndan e\u011fitimde f\u0131rsat e\u015fitli\u011fi hedefiyle her sene 1. s\u0131n\u0131ftan 12. s\u0131n\u0131fa kadar da\u011f\u0131t\u0131lan \u00fccretsiz ders kitaplar\u0131 bu y\u0131l da \u00f6\u011frencilere da\u011f\u0131t\u0131lmas\u0131 i\u00e7in il ve il\u00e7elere ula\u015ft\u0131r\u0131ld\u0131. Ayd\u0131n genelinde oldu\u011fu gibi merkez&#8230;<\/p>\n","protected":false},"author":1,"featured_media":53152,"comment_status":"open","ping_status":"open","sticky":false,"template":"","format":"standard","meta":{"_crdt_document":"","footnotes":""},"categories":[1],"tags":[],"class_list":["post-53151","post","type-post","status-publish","format-standard","has-post-thumbnail","hentry","category-guncel"],"_links":{"self":[{"href":"https:\/\/www.egemtv.com\/index.php?rest_route=\/wp\/v2\/posts\/53151","targetHints":{"allow":["GET"]}}],"collection":[{"href":"https:\/\/www.egemtv.com\/index.php?rest_route=\/wp\/v2\/posts"}],"about":[{"href":"https:\/\/www.egemtv.com\/index.php?rest_route=\/wp\/v2\/types\/post"}],"author":[{"embeddable":true,"href":"https:\/\/www.egemtv.com\/index.php?rest_route=\/wp\/v2\/users\/1"}],"replies":[{"embeddable":true,"href":"https:\/\/www.egemtv.com\/index.php?rest_route=%2Fwp%2Fv2%2Fcomments&post=53151"}],"version-history":[{"count":1,"href":"https:\/\/www.egemtv.com\/index.php?rest_route=\/wp\/v2\/posts\/53151\/revisions"}],"predecessor-version":[{"id":53153,"href":"https:\/\/www.egemtv.com\/index.php?rest_route=\/wp\/v2\/posts\/53151\/revisions\/53153"}],"wp:featuredmedia":[{"embeddable":true,"href":"https:\/\/www.egemtv.com\/index.php?rest_route=\/wp\/v2\/media\/53152"}],"wp:attachment":[{"href":"https:\/\/www.egemtv.com\/index.php?rest_route=%2Fwp%2Fv2%2Fmedia&parent=53151"}],"wp:term":[{"taxonomy":"category","embeddable":true,"href":"https:\/\/www.egemtv.com\/index.php?rest_route=%2Fwp%2Fv2%2Fcategories&post=53151"},{"taxonomy":"post_tag","embeddable":true,"href":"https:\/\/www.egemtv.com\/index.php?rest_route=%2Fwp%2Fv2%2Ftags&post=53151"}],"curies":[{"name":"wp","href":"https:\/\/api.w.org\/{rel}","templated":true}]}}