{"id":53145,"date":"2025-09-07T10:14:51","date_gmt":"2025-09-07T07:14:51","guid":{"rendered":"https:\/\/www.egemtv.com\/?p=53145"},"modified":"2025-09-07T10:14:51","modified_gmt":"2025-09-07T07:14:51","slug":"kontrolden-cikan-otomobil-kamyonetlere-carpti-3-yarali","status":"publish","type":"post","link":"https:\/\/www.egemtv.com\/?p=53145","title":{"rendered":"Kontrolden \u00e7\u0131kan otomobil kamyonetlere \u00e7arpt\u0131: 3 yaral\u0131"},"content":{"rendered":"<p>Ayd\u0131n\u2019\u0131n Ku\u015fadas\u0131 il\u00e7esinde, a\u015f\u0131r\u0131 h\u0131zl\u0131 oldu\u011fu ileri s\u00fcr\u00fclen otomobil, s\u00fcr\u00fcc\u00fcs\u00fcn\u00fcn direksiyon hakimiyetinden \u00e7\u0131k\u0131p, yan\u0131nda seyreden kamyonete \u00e7arpt\u0131. \u00c7arpman\u0131n \u015fiddetiyle ref\u00fcj\u00fc a\u015f\u0131p, kar\u015f\u0131 \u015feride ge\u00e7en ara\u00e7, ba\u015fka bir kamyonete daha \u00e7arparak durdu. Kazada yaralanan 3 ki\u015fi  ambulansla hastaneye kald\u0131rd\u0131.<\/p>\n<p>Kaza saat 21.30 s\u0131ralar\u0131nda S\u00fcleyman Demirel Bulvar\u0131\u2019nda meydana geldi. Edinilen bilgiye g\u00f6re, 09 HU 315 plakal\u0131 otomobilin s\u00fcr\u00fcc\u00fcs\u00fc R.T, a\u015f\u0131r\u0131 h\u0131z nedeniyle direksiyon hakimiyetini kaybedip, \u00f6nce yan\u0131ndaki kamyonete \u00e7arpt\u0131. \u00c7arp\u0131\u015fman\u0131n \u015fiddetiyle ref\u00fcj\u00fc a\u015fan ara\u00e7, kar\u015f\u0131 y\u00f6nden gelen S.A kontrol\u00fcndeki 06 FC 4464 plakal\u0131  ba\u015fka bir kamyonete daha \u00e7arpt\u0131. Kazada, otomobil s\u00fcr\u00fcc\u00fcs\u00fc R.T, ile kamyonetteki Y.\u0130 ile U.T yaraland\u0131. Kazay\u0131 g\u00f6renlerin ihbar\u0131 \u00fczerine olay yerine polis, itfaiye ve 112 sa\u011fl\u0131k ekipleri sevk edildi. Yaral\u0131lar olay yerinde yap\u0131lan ilk m\u00fcdahalenin ard\u0131ndan Ku\u015fadas\u0131 Devlet Hastahanesine kald\u0131r\u0131ld\u0131.<\/p>\n<p>Kazayla ilgili soru\u015fturma s\u00fcr\u00fcyor.<br \/><\/p>\n","protected":false},"excerpt":{"rendered":"<p>Ayd\u0131n\u2019\u0131n Ku\u015fadas\u0131 il\u00e7esinde, a\u015f\u0131r\u0131 h\u0131zl\u0131 oldu\u011fu ileri s\u00fcr\u00fclen otomobil, s\u00fcr\u00fcc\u00fcs\u00fcn\u00fcn direksiyon hakimiyetinden \u00e7\u0131k\u0131p, yan\u0131nda seyreden kamyonete \u00e7arpt\u0131. \u00c7arpman\u0131n \u015fiddetiyle ref\u00fcj\u00fc a\u015f\u0131p, kar\u015f\u0131 \u015feride ge\u00e7en ara\u00e7, ba\u015fka bir kamyonete daha \u00e7arparak durdu. Kazada yaralanan 3 ki\u015fi ambulansla hastaneye kald\u0131rd\u0131. Kaza saat 21.30 s\u0131ralar\u0131nda S\u00fcleyman Demirel Bulvar\u0131\u2019nda meydana geldi. Edinilen bilgiye g\u00f6re, 09 HU 315 plakal\u0131 otomobilin&#8230;<\/p>\n","protected":false},"author":1,"featured_media":53146,"comment_status":"open","ping_status":"open","sticky":false,"template":"","format":"standard","meta":{"_crdt_document":"","footnotes":""},"categories":[5],"tags":[],"class_list":["post-53145","post","type-post","status-publish","format-standard","has-post-thumbnail","hentry","category-asayis"],"_links":{"self":[{"href":"https:\/\/www.egemtv.com\/index.php?rest_route=\/wp\/v2\/posts\/53145","targetHints":{"allow":["GET"]}}],"collection":[{"href":"https:\/\/www.egemtv.com\/index.php?rest_route=\/wp\/v2\/posts"}],"about":[{"href":"https:\/\/www.egemtv.com\/index.php?rest_route=\/wp\/v2\/types\/post"}],"author":[{"embeddable":true,"href":"https:\/\/www.egemtv.com\/index.php?rest_route=\/wp\/v2\/users\/1"}],"replies":[{"embeddable":true,"href":"https:\/\/www.egemtv.com\/index.php?rest_route=%2Fwp%2Fv2%2Fcomments&post=53145"}],"version-history":[{"count":1,"href":"https:\/\/www.egemtv.com\/index.php?rest_route=\/wp\/v2\/posts\/53145\/revisions"}],"predecessor-version":[{"id":53147,"href":"https:\/\/www.egemtv.com\/index.php?rest_route=\/wp\/v2\/posts\/53145\/revisions\/53147"}],"wp:featuredmedia":[{"embeddable":true,"href":"https:\/\/www.egemtv.com\/index.php?rest_route=\/wp\/v2\/media\/53146"}],"wp:attachment":[{"href":"https:\/\/www.egemtv.com\/index.php?rest_route=%2Fwp%2Fv2%2Fmedia&parent=53145"}],"wp:term":[{"taxonomy":"category","embeddable":true,"href":"https:\/\/www.egemtv.com\/index.php?rest_route=%2Fwp%2Fv2%2Fcategories&post=53145"},{"taxonomy":"post_tag","embeddable":true,"href":"https:\/\/www.egemtv.com\/index.php?rest_route=%2Fwp%2Fv2%2Ftags&post=53145"}],"curies":[{"name":"wp","href":"https:\/\/api.w.org\/{rel}","templated":true}]}}