{"id":53142,"date":"2025-09-07T09:55:54","date_gmt":"2025-09-07T06:55:54","guid":{"rendered":"https:\/\/www.egemtv.com\/?p=53142"},"modified":"2025-09-07T09:55:55","modified_gmt":"2025-09-07T06:55:55","slug":"itfaiye-erinden-sira-disi-cinsiyet-belirleme-surprizi","status":"publish","type":"post","link":"https:\/\/www.egemtv.com\/?p=53142","title":{"rendered":"\u0130tfaiye erinden s\u0131ra d\u0131\u015f\u0131 cinsiyet belirleme s\u00fcrprizi"},"content":{"rendered":"<p>Mu\u011fla\u2019n\u0131n K\u00f6yce\u011fiz il\u00e7esi \u0130tfaiye Grup Amirli\u011finde g\u00f6rev yapan itfaiye eri Ahmet \u00dcnl\u00fc ile e\u015fi Melike \u00dcnl\u00fc, bebeklerinin cinsiyetini \u00f6\u011frenmek i\u00e7in itfaiye ara\u00e7lar\u0131yla renkli ve s\u0131ra d\u0131\u015f\u0131 bir organizasyon d\u00fczenledi. \u0130tfaiye hortumundan \u00e7\u0131kan mavi renk, \u00e7iftin erkek \u00e7ocuk sahibi olaca\u011f\u0131n\u0131 m\u00fcjdeledi.<br \/>\n<br \/>Mu\u011fla\u2019n\u0131n K\u00f6yce\u011fiz il\u00e7esinde g\u00f6rev yapan itfaiye eri Ahmet \u00dcnl\u00fc ve e\u015fi Melike \u00dcnl\u00fc, bebeklerinin cinsiyetini \u00f6\u011frenmek i\u00e7in al\u0131\u015f\u0131lm\u0131\u015f\u0131n d\u0131\u015f\u0131nda bir kutlama yapt\u0131. \u0130tfaiye ara\u00e7lar\u0131n\u0131n s\u00fcslendi\u011fi, renkli balonlar ve s\u00fcslemelerle haz\u0131rlanan kutlamada itfaiye hortumundan \u00e7\u0131kan suyun rengi merakla beklenirken, mavi renkle birlikte \u00e7iftin erkek \u00e7ocuk sahibi olaca\u011f\u0131 ortaya \u00e7\u0131kt\u0131. Erkek \u00e7ocuk beklediklerini \u00f6\u011frenen \u00e7ift b\u00fcy\u00fck mutluluk ya\u015fad\u0131. O anlara \u015fahit olan itfaiye \u00e7al\u0131\u015fan\u0131 arkada\u015flar\u0131 da sevin\u00e7lerine ortak oldu.<br \/>\n<br \/>Sosyal medya hesab\u0131ndan o anlar\u0131 payla\u015fan \u00dcnl\u00fc \u00e7ifti, &#8220;Tarifsiz en g\u00fczel mutluluk ve muhte\u015fem bir an\u0131&#8221; ifadeleriyle sevin\u00e7lerini dile getirdi.<br \/><\/p>\n","protected":false},"excerpt":{"rendered":"<p>Mu\u011fla\u2019n\u0131n K\u00f6yce\u011fiz il\u00e7esi \u0130tfaiye Grup Amirli\u011finde g\u00f6rev yapan itfaiye eri Ahmet \u00dcnl\u00fc ile e\u015fi Melike \u00dcnl\u00fc, bebeklerinin cinsiyetini \u00f6\u011frenmek i\u00e7in itfaiye ara\u00e7lar\u0131yla renkli ve s\u0131ra d\u0131\u015f\u0131 bir organizasyon d\u00fczenledi. \u0130tfaiye hortumundan \u00e7\u0131kan mavi renk, \u00e7iftin erkek \u00e7ocuk sahibi olaca\u011f\u0131n\u0131 m\u00fcjdeledi. Mu\u011fla\u2019n\u0131n K\u00f6yce\u011fiz il\u00e7esinde g\u00f6rev yapan itfaiye eri Ahmet \u00dcnl\u00fc ve e\u015fi Melike \u00dcnl\u00fc, bebeklerinin cinsiyetini&#8230;<\/p>\n","protected":false},"author":1,"featured_media":53143,"comment_status":"open","ping_status":"open","sticky":false,"template":"","format":"standard","meta":{"_crdt_document":"","footnotes":""},"categories":[123],"tags":[],"class_list":["post-53142","post","type-post","status-publish","format-standard","has-post-thumbnail","hentry","category-gundem"],"_links":{"self":[{"href":"https:\/\/www.egemtv.com\/index.php?rest_route=\/wp\/v2\/posts\/53142","targetHints":{"allow":["GET"]}}],"collection":[{"href":"https:\/\/www.egemtv.com\/index.php?rest_route=\/wp\/v2\/posts"}],"about":[{"href":"https:\/\/www.egemtv.com\/index.php?rest_route=\/wp\/v2\/types\/post"}],"author":[{"embeddable":true,"href":"https:\/\/www.egemtv.com\/index.php?rest_route=\/wp\/v2\/users\/1"}],"replies":[{"embeddable":true,"href":"https:\/\/www.egemtv.com\/index.php?rest_route=%2Fwp%2Fv2%2Fcomments&post=53142"}],"version-history":[{"count":1,"href":"https:\/\/www.egemtv.com\/index.php?rest_route=\/wp\/v2\/posts\/53142\/revisions"}],"predecessor-version":[{"id":53144,"href":"https:\/\/www.egemtv.com\/index.php?rest_route=\/wp\/v2\/posts\/53142\/revisions\/53144"}],"wp:featuredmedia":[{"embeddable":true,"href":"https:\/\/www.egemtv.com\/index.php?rest_route=\/wp\/v2\/media\/53143"}],"wp:attachment":[{"href":"https:\/\/www.egemtv.com\/index.php?rest_route=%2Fwp%2Fv2%2Fmedia&parent=53142"}],"wp:term":[{"taxonomy":"category","embeddable":true,"href":"https:\/\/www.egemtv.com\/index.php?rest_route=%2Fwp%2Fv2%2Fcategories&post=53142"},{"taxonomy":"post_tag","embeddable":true,"href":"https:\/\/www.egemtv.com\/index.php?rest_route=%2Fwp%2Fv2%2Ftags&post=53142"}],"curies":[{"name":"wp","href":"https:\/\/api.w.org\/{rel}","templated":true}]}}