{"id":53124,"date":"2025-09-06T23:35:57","date_gmt":"2025-09-06T20:35:57","guid":{"rendered":"https:\/\/www.egemtv.com\/?p=53124"},"modified":"2025-09-06T23:35:57","modified_gmt":"2025-09-06T20:35:57","slug":"bozdoganda-motosiklet-kazasi-1-olu","status":"publish","type":"post","link":"https:\/\/www.egemtv.com\/?p=53124","title":{"rendered":"Bozdo\u011fan\u2019da motosiklet kazas\u0131: 1 \u00f6l\u00fc"},"content":{"rendered":"<p>Bozdo\u011fan-Nazilli Karayolu \u00fczerinde meydana gelen motosiklet kazas\u0131nda 47 ya\u015f\u0131ndaki Serkan Orhan ya\u015fam\u0131n\u0131 yitirdi.<br \/>\n<br \/>Kaza, Bozdo\u011fan il\u00e7esi Nazilli Karayolu Zeytin Restoran mevkiinde meydana geldi. Edinilen bilgiye g\u00f6re hen\u00fcz bilinmeyen bir nedenle motosiklet s\u00fcr\u00fcc\u00fcs\u00fc Serkan Orhan (47) kaza ge\u00e7irdi. \u0130hbar \u00fczerine b\u00f6lgeye sa\u011fl\u0131k ve jandarma ekipleri sevk edildi. K\u0131sa s\u00fcrede b\u00f6lgeye gelen sa\u011fl\u0131k ekipleri, kaza a\u011f\u0131r yaralanan Orhan\u2019a ilk m\u00fcdahaleyi yaparak ambulansla hastaneye kald\u0131rd\u0131. Bozdo\u011fan \u0130l\u00e7e Devlet Hastanesi\u2019ne kald\u0131r\u0131lan Orhan, t\u00fcm m\u00fcdahalelere ra\u011fmen kurtar\u0131lamad\u0131. Kazan\u0131n kesin sebebi hen\u00fcz belirlenemezken, olayla ilgili soru\u015fturma ba\u015flat\u0131ld\u0131.<br \/><\/p>\n","protected":false},"excerpt":{"rendered":"<p>Bozdo\u011fan-Nazilli Karayolu \u00fczerinde meydana gelen motosiklet kazas\u0131nda 47 ya\u015f\u0131ndaki Serkan Orhan ya\u015fam\u0131n\u0131 yitirdi. Kaza, Bozdo\u011fan il\u00e7esi Nazilli Karayolu Zeytin Restoran mevkiinde meydana geldi. Edinilen bilgiye g\u00f6re hen\u00fcz bilinmeyen bir nedenle motosiklet s\u00fcr\u00fcc\u00fcs\u00fc Serkan Orhan (47) kaza ge\u00e7irdi. \u0130hbar \u00fczerine b\u00f6lgeye sa\u011fl\u0131k ve jandarma ekipleri sevk edildi. K\u0131sa s\u00fcrede b\u00f6lgeye gelen sa\u011fl\u0131k ekipleri, kaza a\u011f\u0131r yaralanan&#8230;<\/p>\n","protected":false},"author":1,"featured_media":53125,"comment_status":"open","ping_status":"open","sticky":false,"template":"","format":"standard","meta":{"_crdt_document":"","footnotes":""},"categories":[5],"tags":[],"class_list":["post-53124","post","type-post","status-publish","format-standard","has-post-thumbnail","hentry","category-asayis"],"_links":{"self":[{"href":"https:\/\/www.egemtv.com\/index.php?rest_route=\/wp\/v2\/posts\/53124","targetHints":{"allow":["GET"]}}],"collection":[{"href":"https:\/\/www.egemtv.com\/index.php?rest_route=\/wp\/v2\/posts"}],"about":[{"href":"https:\/\/www.egemtv.com\/index.php?rest_route=\/wp\/v2\/types\/post"}],"author":[{"embeddable":true,"href":"https:\/\/www.egemtv.com\/index.php?rest_route=\/wp\/v2\/users\/1"}],"replies":[{"embeddable":true,"href":"https:\/\/www.egemtv.com\/index.php?rest_route=%2Fwp%2Fv2%2Fcomments&post=53124"}],"version-history":[{"count":1,"href":"https:\/\/www.egemtv.com\/index.php?rest_route=\/wp\/v2\/posts\/53124\/revisions"}],"predecessor-version":[{"id":53126,"href":"https:\/\/www.egemtv.com\/index.php?rest_route=\/wp\/v2\/posts\/53124\/revisions\/53126"}],"wp:featuredmedia":[{"embeddable":true,"href":"https:\/\/www.egemtv.com\/index.php?rest_route=\/wp\/v2\/media\/53125"}],"wp:attachment":[{"href":"https:\/\/www.egemtv.com\/index.php?rest_route=%2Fwp%2Fv2%2Fmedia&parent=53124"}],"wp:term":[{"taxonomy":"category","embeddable":true,"href":"https:\/\/www.egemtv.com\/index.php?rest_route=%2Fwp%2Fv2%2Fcategories&post=53124"},{"taxonomy":"post_tag","embeddable":true,"href":"https:\/\/www.egemtv.com\/index.php?rest_route=%2Fwp%2Fv2%2Ftags&post=53124"}],"curies":[{"name":"wp","href":"https:\/\/api.w.org\/{rel}","templated":true}]}}