{"id":53121,"date":"2025-09-06T22:54:34","date_gmt":"2025-09-06T19:54:34","guid":{"rendered":"https:\/\/www.egemtv.com\/?p=53121"},"modified":"2025-09-06T22:54:35","modified_gmt":"2025-09-06T19:54:35","slug":"muglada-trafik-kazasi-2-yarali-2","status":"publish","type":"post","link":"https:\/\/www.egemtv.com\/?p=53121","title":{"rendered":"Mu\u011fla\u2019da trafik kazas\u0131: 2 yaral\u0131"},"content":{"rendered":"<p>Mu\u011fla\u2019n\u0131n Ula il\u00e7esine ba\u011fl\u0131 Sakar mevkiinde meydana gelen trafik kazas\u0131nda 2 ki\u015fi hafif \u015fekilde yaraland\u0131.<\/p>\n<p>Kaza, saat 18.45 s\u0131ralar\u0131nda Sakar mevkiinde ger\u00e7ekle\u015fti. Edinilen bilgiye g\u00f6re, 38 BF 235 plakal\u0131 otomobilin s\u00fcr\u00fcc\u00fcs\u00fc direksiyon h\u00e2kimiyetini kaybederek bariyerlere \u00e7arpt\u0131. \u00c7arpman\u0131n etkisiyle ara\u00e7ta bulunan 2 ki\u015fi yaraland\u0131. Kazay\u0131 g\u00f6ren vatanda\u015flar\u0131n durumu 112 Acil \u00c7a\u011fr\u0131 Merkezi\u2019ne bildirmesi \u00fczerine olay yerine sa\u011fl\u0131k, polis ve jandarma ekipleri sevk edildi. B\u00f6lgeye ula\u015fan sa\u011fl\u0131k ekipleri, yaral\u0131lar\u0131 ara\u00e7tan \u00e7\u0131kararak olay yerinde ilk m\u00fcdahaleyi yapt\u0131. Ard\u0131ndan yaral\u0131lar, ambulansla hastaneye kald\u0131r\u0131ld\u0131. Hastaneye kald\u0131r\u0131lan 2 ki\u015finin hayati tehlikesinin bulunmad\u0131\u011f\u0131 \u00f6\u011frenildi. Kazayla ilgili inceleme ba\u015flat\u0131ld\u0131.<br \/><\/p>\n","protected":false},"excerpt":{"rendered":"<p>Mu\u011fla\u2019n\u0131n Ula il\u00e7esine ba\u011fl\u0131 Sakar mevkiinde meydana gelen trafik kazas\u0131nda 2 ki\u015fi hafif \u015fekilde yaraland\u0131. Kaza, saat 18.45 s\u0131ralar\u0131nda Sakar mevkiinde ger\u00e7ekle\u015fti. Edinilen bilgiye g\u00f6re, 38 BF 235 plakal\u0131 otomobilin s\u00fcr\u00fcc\u00fcs\u00fc direksiyon h\u00e2kimiyetini kaybederek bariyerlere \u00e7arpt\u0131. \u00c7arpman\u0131n etkisiyle ara\u00e7ta bulunan 2 ki\u015fi yaraland\u0131. Kazay\u0131 g\u00f6ren vatanda\u015flar\u0131n durumu 112 Acil \u00c7a\u011fr\u0131 Merkezi\u2019ne bildirmesi \u00fczerine olay yerine&#8230;<\/p>\n","protected":false},"author":1,"featured_media":53122,"comment_status":"open","ping_status":"open","sticky":false,"template":"","format":"standard","meta":{"_crdt_document":"","footnotes":""},"categories":[5],"tags":[],"class_list":["post-53121","post","type-post","status-publish","format-standard","has-post-thumbnail","hentry","category-asayis"],"_links":{"self":[{"href":"https:\/\/www.egemtv.com\/index.php?rest_route=\/wp\/v2\/posts\/53121","targetHints":{"allow":["GET"]}}],"collection":[{"href":"https:\/\/www.egemtv.com\/index.php?rest_route=\/wp\/v2\/posts"}],"about":[{"href":"https:\/\/www.egemtv.com\/index.php?rest_route=\/wp\/v2\/types\/post"}],"author":[{"embeddable":true,"href":"https:\/\/www.egemtv.com\/index.php?rest_route=\/wp\/v2\/users\/1"}],"replies":[{"embeddable":true,"href":"https:\/\/www.egemtv.com\/index.php?rest_route=%2Fwp%2Fv2%2Fcomments&post=53121"}],"version-history":[{"count":1,"href":"https:\/\/www.egemtv.com\/index.php?rest_route=\/wp\/v2\/posts\/53121\/revisions"}],"predecessor-version":[{"id":53123,"href":"https:\/\/www.egemtv.com\/index.php?rest_route=\/wp\/v2\/posts\/53121\/revisions\/53123"}],"wp:featuredmedia":[{"embeddable":true,"href":"https:\/\/www.egemtv.com\/index.php?rest_route=\/wp\/v2\/media\/53122"}],"wp:attachment":[{"href":"https:\/\/www.egemtv.com\/index.php?rest_route=%2Fwp%2Fv2%2Fmedia&parent=53121"}],"wp:term":[{"taxonomy":"category","embeddable":true,"href":"https:\/\/www.egemtv.com\/index.php?rest_route=%2Fwp%2Fv2%2Fcategories&post=53121"},{"taxonomy":"post_tag","embeddable":true,"href":"https:\/\/www.egemtv.com\/index.php?rest_route=%2Fwp%2Fv2%2Ftags&post=53121"}],"curies":[{"name":"wp","href":"https:\/\/api.w.org\/{rel}","templated":true}]}}