{"id":53118,"date":"2025-09-06T21:54:56","date_gmt":"2025-09-06T18:54:56","guid":{"rendered":"https:\/\/www.egemtv.com\/?p=53118"},"modified":"2025-09-06T21:54:56","modified_gmt":"2025-09-06T18:54:56","slug":"insuyu-magarasi-47-yil-sonra-kultur-ve-sanat-festivaline-ev-sahipligi-yapti","status":"publish","type":"post","link":"https:\/\/www.egemtv.com\/?p=53118","title":{"rendered":"\u0130nsuyu Ma\u011faras\u0131 47 y\u0131l sonra K\u00fclt\u00fcr ve Sanat Festivali\u2019ne ev sahipli\u011fi yapt\u0131"},"content":{"rendered":"<p>Burdur\u2019da bulunan ve T\u00fcrkiye\u2019nin turizme a\u00e7\u0131lan ilk ma\u011faras\u0131 olan \u0130nsuyu\u2019nda, 47 y\u0131l aradan sonra K\u00fclt\u00fcr ve Sanat Festivali d\u00fczenlendi.<br \/>\n<br \/>T\u00fcrkiye\u2019de turizme ilk a\u00e7\u0131lan ma\u011fara olma \u00f6zelli\u011fi ta\u015f\u0131yan \u0130nsuyu Ma\u011faras\u0131\u2019nda, 47 y\u0131l aradan sonra d\u00fczenlenen \u0130nsuyu K\u00fclt\u00fcr ve Sanat Festivali d\u00fczenlendi. Burdur Valili\u011fi himayelerinde ger\u00e7ekle\u015ftirilen festival, bug\u00fcn \u0130nsuyu Ma\u011faras\u0131 etkinlik alan\u0131nda yap\u0131ld\u0131. Festival \u00e7er\u00e7evesinde ilk olarak y\u00f6resel \u00fcr\u00fcn stantlar\u0131n\u0131 gezen Burdur Valisi T\u00fclay Baydar Bilgihan, \u00fcreticiler ve vatanda\u015flarla sohbet etti. Daha sonra bas\u0131n mensuplar\u0131na a\u00e7\u0131klamalarda bulunan Vali Bilgihan, &#8220;Bug\u00fcn \u0130nsuyu Ma\u011faras\u0131 etkinlik alan\u0131nday\u0131z. 1978 y\u0131l\u0131ndan itibaren kesintili olarak belirli d\u00f6nemlerde yap\u0131lan \u0130nsuyu k\u00fclt\u00fcr ve sanat etkinliklerine biz 46-47 y\u0131l sonras\u0131nda tekrar merhaba demi\u015f olduk. biliyorsunuz Temmuz ay\u0131 i\u00e7erisinde yapmay\u0131 planlad\u0131\u011f\u0131m\u0131z etkinlikler olarak da duyurmu\u015ftuk ve bug\u00fcne Eyl\u00fcl ay\u0131 itibariyle ba\u015flam\u0131\u015f olduk bu etkinli\u011fimize&#8221; dedi.<br \/>\n<br \/>Konu\u015fman\u0131n ard\u0131ndan festival alan\u0131nda halk oyunlar\u0131 g\u00f6sterisi yap\u0131l\u0131rken vatanda\u015flara helva ve bulgur ikram edildi. Daha sonra festival Bedia Akart\u00fcrk ve Safiye Soyman konseri ile devam etti.<br \/><\/p>\n","protected":false},"excerpt":{"rendered":"<p>Burdur\u2019da bulunan ve T\u00fcrkiye\u2019nin turizme a\u00e7\u0131lan ilk ma\u011faras\u0131 olan \u0130nsuyu\u2019nda, 47 y\u0131l aradan sonra K\u00fclt\u00fcr ve Sanat Festivali d\u00fczenlendi. T\u00fcrkiye\u2019de turizme ilk a\u00e7\u0131lan ma\u011fara olma \u00f6zelli\u011fi ta\u015f\u0131yan \u0130nsuyu Ma\u011faras\u0131\u2019nda, 47 y\u0131l aradan sonra d\u00fczenlenen \u0130nsuyu K\u00fclt\u00fcr ve Sanat Festivali d\u00fczenlendi. Burdur Valili\u011fi himayelerinde ger\u00e7ekle\u015ftirilen festival, bug\u00fcn \u0130nsuyu Ma\u011faras\u0131 etkinlik alan\u0131nda yap\u0131ld\u0131. Festival \u00e7er\u00e7evesinde ilk olarak&#8230;<\/p>\n","protected":false},"author":1,"featured_media":53119,"comment_status":"open","ping_status":"open","sticky":false,"template":"","format":"standard","meta":{"_crdt_document":"","footnotes":""},"categories":[1],"tags":[],"class_list":["post-53118","post","type-post","status-publish","format-standard","has-post-thumbnail","hentry","category-guncel"],"_links":{"self":[{"href":"https:\/\/www.egemtv.com\/index.php?rest_route=\/wp\/v2\/posts\/53118","targetHints":{"allow":["GET"]}}],"collection":[{"href":"https:\/\/www.egemtv.com\/index.php?rest_route=\/wp\/v2\/posts"}],"about":[{"href":"https:\/\/www.egemtv.com\/index.php?rest_route=\/wp\/v2\/types\/post"}],"author":[{"embeddable":true,"href":"https:\/\/www.egemtv.com\/index.php?rest_route=\/wp\/v2\/users\/1"}],"replies":[{"embeddable":true,"href":"https:\/\/www.egemtv.com\/index.php?rest_route=%2Fwp%2Fv2%2Fcomments&post=53118"}],"version-history":[{"count":1,"href":"https:\/\/www.egemtv.com\/index.php?rest_route=\/wp\/v2\/posts\/53118\/revisions"}],"predecessor-version":[{"id":53120,"href":"https:\/\/www.egemtv.com\/index.php?rest_route=\/wp\/v2\/posts\/53118\/revisions\/53120"}],"wp:featuredmedia":[{"embeddable":true,"href":"https:\/\/www.egemtv.com\/index.php?rest_route=\/wp\/v2\/media\/53119"}],"wp:attachment":[{"href":"https:\/\/www.egemtv.com\/index.php?rest_route=%2Fwp%2Fv2%2Fmedia&parent=53118"}],"wp:term":[{"taxonomy":"category","embeddable":true,"href":"https:\/\/www.egemtv.com\/index.php?rest_route=%2Fwp%2Fv2%2Fcategories&post=53118"},{"taxonomy":"post_tag","embeddable":true,"href":"https:\/\/www.egemtv.com\/index.php?rest_route=%2Fwp%2Fv2%2Ftags&post=53118"}],"curies":[{"name":"wp","href":"https:\/\/api.w.org\/{rel}","templated":true}]}}