{"id":53115,"date":"2025-09-06T21:14:39","date_gmt":"2025-09-06T18:14:39","guid":{"rendered":"https:\/\/www.egemtv.com\/?p=53115"},"modified":"2025-09-06T21:14:40","modified_gmt":"2025-09-06T18:14:40","slug":"aydinda-47-yil-hapis-cezasi-ile-aranan-firari-yakalandi","status":"publish","type":"post","link":"https:\/\/www.egemtv.com\/?p=53115","title":{"rendered":"Ayd\u0131n\u2019da 47 y\u0131l hapis cezas\u0131 ile aranan firari yakaland\u0131"},"content":{"rendered":"<p>Ayd\u0131n\u2019da 47 y\u0131l 9 ay 12 g\u00fcn hapis cezas\u0131 ile aranan cezaevi firarisi polis ekiplerince k\u0131sk\u0131vrak yakaland\u0131.<\/p>\n<p>Ayd\u0131n \u0130l Emniyet M\u00fcd\u00fcrl\u00fc\u011f\u00fc koordinesinde aranan \u015fah\u0131slar\u0131n yakalanmas\u0131na y\u00f6nelik y\u00fcr\u00fct\u00fclen \u00e7al\u0131\u015fmalar aral\u0131ks\u0131z s\u00fcr\u00fcyor. Edinilen bilgiye g\u00f6re yap\u0131lan \u00e7al\u0131\u015fmalar kapsam\u0131nda Asayi\u015f \u015eube M\u00fcd\u00fcrl\u00fc\u011f\u00fc ekiplerince \u00e7e\u015fitli su\u00e7lardan aranan 5 ki\u015fi yakaland\u0131. G\u00f6zalt\u0131na al\u0131nan \u015f\u00fcpheliler, gerekli i\u015flemlerinin ard\u0131ndan adliyeye sevk edilirken, 5 \u015fah\u0131stan 2\u2019si adli makamlarca tutuklanarak cezaevine g\u00f6nderilirken, 3 \u015fah\u0131s da serbest b\u0131rak\u0131ld\u0131. Tutuklanan \u015fah\u0131slardan R.K.\u2019n\u0131n uyu\u015fturucu madde ticareti su\u00e7undan 16 y\u0131l 3 ay hapis cezas\u0131 ile arand\u0131\u011f\u0131 tespit edilirken, tutuklanan di\u011fer \u015fah\u0131s E.\u00c7.\u2019nin ise 47 y\u0131l 9 ay 12 g\u00fcn hapis cezas\u0131 ile arand\u0131\u011f\u0131 ve cezaevi firarisi oldu\u011fu \u00f6\u011frenildi. Konu ile ilgili Ayd\u0131n \u0130l Emniyet M\u00fcd\u00fcrl\u00fc\u011f\u00fc\u2019nden yap\u0131lan a\u00e7\u0131klamada &#8220;\u0130limiz genelinde su\u00e7un \u00f6nlenmesi ve faillerinin yakalanmas\u0131na y\u00f6nelik \u00e7al\u0131\u015fmalar\u0131m\u0131z kararl\u0131l\u0131kla s\u00fcrd\u00fcr\u00fclecektir&#8221; ifadeleri yer ald\u0131.<br \/><\/p>\n","protected":false},"excerpt":{"rendered":"<p>Ayd\u0131n\u2019da 47 y\u0131l 9 ay 12 g\u00fcn hapis cezas\u0131 ile aranan cezaevi firarisi polis ekiplerince k\u0131sk\u0131vrak yakaland\u0131. Ayd\u0131n \u0130l Emniyet M\u00fcd\u00fcrl\u00fc\u011f\u00fc koordinesinde aranan \u015fah\u0131slar\u0131n yakalanmas\u0131na y\u00f6nelik y\u00fcr\u00fct\u00fclen \u00e7al\u0131\u015fmalar aral\u0131ks\u0131z s\u00fcr\u00fcyor. Edinilen bilgiye g\u00f6re yap\u0131lan \u00e7al\u0131\u015fmalar kapsam\u0131nda Asayi\u015f \u015eube M\u00fcd\u00fcrl\u00fc\u011f\u00fc ekiplerince \u00e7e\u015fitli su\u00e7lardan aranan 5 ki\u015fi yakaland\u0131. G\u00f6zalt\u0131na al\u0131nan \u015f\u00fcpheliler, gerekli i\u015flemlerinin ard\u0131ndan adliyeye sevk edilirken,&#8230;<\/p>\n","protected":false},"author":1,"featured_media":53116,"comment_status":"open","ping_status":"open","sticky":false,"template":"","format":"standard","meta":{"_crdt_document":"","footnotes":""},"categories":[5],"tags":[],"class_list":["post-53115","post","type-post","status-publish","format-standard","has-post-thumbnail","hentry","category-asayis"],"_links":{"self":[{"href":"https:\/\/www.egemtv.com\/index.php?rest_route=\/wp\/v2\/posts\/53115","targetHints":{"allow":["GET"]}}],"collection":[{"href":"https:\/\/www.egemtv.com\/index.php?rest_route=\/wp\/v2\/posts"}],"about":[{"href":"https:\/\/www.egemtv.com\/index.php?rest_route=\/wp\/v2\/types\/post"}],"author":[{"embeddable":true,"href":"https:\/\/www.egemtv.com\/index.php?rest_route=\/wp\/v2\/users\/1"}],"replies":[{"embeddable":true,"href":"https:\/\/www.egemtv.com\/index.php?rest_route=%2Fwp%2Fv2%2Fcomments&post=53115"}],"version-history":[{"count":1,"href":"https:\/\/www.egemtv.com\/index.php?rest_route=\/wp\/v2\/posts\/53115\/revisions"}],"predecessor-version":[{"id":53117,"href":"https:\/\/www.egemtv.com\/index.php?rest_route=\/wp\/v2\/posts\/53115\/revisions\/53117"}],"wp:featuredmedia":[{"embeddable":true,"href":"https:\/\/www.egemtv.com\/index.php?rest_route=\/wp\/v2\/media\/53116"}],"wp:attachment":[{"href":"https:\/\/www.egemtv.com\/index.php?rest_route=%2Fwp%2Fv2%2Fmedia&parent=53115"}],"wp:term":[{"taxonomy":"category","embeddable":true,"href":"https:\/\/www.egemtv.com\/index.php?rest_route=%2Fwp%2Fv2%2Fcategories&post=53115"},{"taxonomy":"post_tag","embeddable":true,"href":"https:\/\/www.egemtv.com\/index.php?rest_route=%2Fwp%2Fv2%2Ftags&post=53115"}],"curies":[{"name":"wp","href":"https:\/\/api.w.org\/{rel}","templated":true}]}}