{"id":53112,"date":"2025-09-06T19:54:47","date_gmt":"2025-09-06T16:54:47","guid":{"rendered":"https:\/\/www.egemtv.com\/?p=53112"},"modified":"2025-09-06T19:54:48","modified_gmt":"2025-09-06T16:54:48","slug":"ispartada-uzman-estetisyen-evinde-olu-bulundu","status":"publish","type":"post","link":"https:\/\/www.egemtv.com\/?p=53112","title":{"rendered":"Isparta\u2019da uzman estetisyen evinde \u00f6l\u00fc bulundu"},"content":{"rendered":"<p>Isparta\u2019da ya\u015fayan 32 ya\u015f\u0131ndaki uzman estetisyen evinde \u00f6l\u00fc bulundu.<br \/>\n<br \/>Olay, saat 17.00 s\u0131ralar\u0131nda Isparta\u2019n\u0131n Ayazmana Mahallesi 237. Cadde\u2019de meydana geldi. Edinilen bilgiye g\u00f6re, 32 ya\u015f\u0131ndaki uzman estetisyen Buket G\u00fclver\u2019den haber alamayan yak\u0131nlar\u0131, durumu polis ekiplerine bildirdi. \u0130hbar \u00fczerine G\u00fclver\u2019in ya\u015fad\u0131\u011f\u0131 daireye giren ekipler, gen\u00e7 kad\u0131n\u0131 yerde hareketsiz halde buldu. Sa\u011fl\u0131k ekiplerinin yapt\u0131\u011f\u0131 kontrolde G\u00fclver\u2019in ya\u015fam\u0131n\u0131 yitirdi\u011fi belirlendi. G\u00fclver\u2019in bilinen herhangi bir sa\u011fl\u0131k sorununun bulunmad\u0131\u011f\u0131 \u00f6\u011frenildi. Konu ile ilgili Cinayet B\u00fcro ve Olay Yeri \u0130nceleme ekiplerine bilgi verilerek \u00e7al\u0131\u015fma ba\u015flat\u0131ld\u0131. G\u00fclver\u2019in cans\u0131z bedeni, kesin \u00f6l\u00fcm nedeninin belirlenmesi i\u00e7in otopsi yap\u0131lmak \u00fczere hastane morguna kald\u0131r\u0131ld\u0131.<br \/><\/p>\n","protected":false},"excerpt":{"rendered":"<p>Isparta\u2019da ya\u015fayan 32 ya\u015f\u0131ndaki uzman estetisyen evinde \u00f6l\u00fc bulundu. Olay, saat 17.00 s\u0131ralar\u0131nda Isparta\u2019n\u0131n Ayazmana Mahallesi 237. Cadde\u2019de meydana geldi. Edinilen bilgiye g\u00f6re, 32 ya\u015f\u0131ndaki uzman estetisyen Buket G\u00fclver\u2019den haber alamayan yak\u0131nlar\u0131, durumu polis ekiplerine bildirdi. \u0130hbar \u00fczerine G\u00fclver\u2019in ya\u015fad\u0131\u011f\u0131 daireye giren ekipler, gen\u00e7 kad\u0131n\u0131 yerde hareketsiz halde buldu. Sa\u011fl\u0131k ekiplerinin yapt\u0131\u011f\u0131 kontrolde G\u00fclver\u2019in ya\u015fam\u0131n\u0131&#8230;<\/p>\n","protected":false},"author":1,"featured_media":53113,"comment_status":"open","ping_status":"open","sticky":false,"template":"","format":"standard","meta":{"_crdt_document":"","footnotes":""},"categories":[5],"tags":[],"class_list":["post-53112","post","type-post","status-publish","format-standard","has-post-thumbnail","hentry","category-asayis"],"_links":{"self":[{"href":"https:\/\/www.egemtv.com\/index.php?rest_route=\/wp\/v2\/posts\/53112","targetHints":{"allow":["GET"]}}],"collection":[{"href":"https:\/\/www.egemtv.com\/index.php?rest_route=\/wp\/v2\/posts"}],"about":[{"href":"https:\/\/www.egemtv.com\/index.php?rest_route=\/wp\/v2\/types\/post"}],"author":[{"embeddable":true,"href":"https:\/\/www.egemtv.com\/index.php?rest_route=\/wp\/v2\/users\/1"}],"replies":[{"embeddable":true,"href":"https:\/\/www.egemtv.com\/index.php?rest_route=%2Fwp%2Fv2%2Fcomments&post=53112"}],"version-history":[{"count":1,"href":"https:\/\/www.egemtv.com\/index.php?rest_route=\/wp\/v2\/posts\/53112\/revisions"}],"predecessor-version":[{"id":53114,"href":"https:\/\/www.egemtv.com\/index.php?rest_route=\/wp\/v2\/posts\/53112\/revisions\/53114"}],"wp:featuredmedia":[{"embeddable":true,"href":"https:\/\/www.egemtv.com\/index.php?rest_route=\/wp\/v2\/media\/53113"}],"wp:attachment":[{"href":"https:\/\/www.egemtv.com\/index.php?rest_route=%2Fwp%2Fv2%2Fmedia&parent=53112"}],"wp:term":[{"taxonomy":"category","embeddable":true,"href":"https:\/\/www.egemtv.com\/index.php?rest_route=%2Fwp%2Fv2%2Fcategories&post=53112"},{"taxonomy":"post_tag","embeddable":true,"href":"https:\/\/www.egemtv.com\/index.php?rest_route=%2Fwp%2Fv2%2Ftags&post=53112"}],"curies":[{"name":"wp","href":"https:\/\/api.w.org\/{rel}","templated":true}]}}