{"id":53088,"date":"2025-09-06T17:34:47","date_gmt":"2025-09-06T14:34:47","guid":{"rendered":"https:\/\/www.egemtv.com\/?p=53088"},"modified":"2025-09-06T17:34:47","modified_gmt":"2025-09-06T14:34:47","slug":"kula-belediye-meclisinde-kriz-devam-ediyor","status":"publish","type":"post","link":"https:\/\/www.egemtv.com\/?p=53088","title":{"rendered":"Kula Belediye Meclisi\u2019nde kriz devam ediyor"},"content":{"rendered":"<p>Manisa\u2019n\u0131n Kula il\u00e7esinde, G\u00f6k\u00e7e\u00f6ren Mahallesi\u2019nde bulunan pomza oca\u011f\u0131n\u0131n kiralanmas\u0131yla ilgili g\u00fcndem maddesi i\u00e7in ola\u011fan\u00fcst\u00fc toplanan Kula Belediye Meclisi\u2019nde kriz ya\u015fand\u0131. Belediye Ba\u015fkan\u0131 Hikmet D\u00f6nmez\u2019in ba\u015fkanl\u0131\u011f\u0131nda 16 \u00fcyenin bulundu\u011fu mecliste, 8 \u00fcyenin toplant\u0131ya kat\u0131lmamas\u0131 dikkat \u00e7ekti.<br \/>\n<br \/>4 CHP\u2019li \u00fcye mazeretsiz, 3 CHP\u2019li \u00fcye mazeret dilek\u00e7esi vererek toplant\u0131ya kat\u0131lmazken, MHP\u2019li bir meclis \u00fcyesi de mazeretli olarak toplant\u0131ya gelmedi.<\/p>\n<p>&#8220;CHP\u2019li \u00fcyeler meclisi boykot ediyor&#8221;<br \/>\n<br \/>Toplant\u0131n\u0131n a\u00e7\u0131l\u0131\u015f\u0131nda konu\u015fan Kula Belediye Ba\u015fkan\u0131 Hikmet D\u00f6nmez, CHP\u2019li baz\u0131 meclis \u00fcyelerinin toplant\u0131lara kat\u0131lmayarak meclisi boykot etti\u011fini s\u00f6yledi. D\u00f6nmez, &#8220;A\u011fustos ve Eyl\u00fcl ay\u0131ndaki meclis toplant\u0131lar\u0131nda kendi grubum olan CHP\u2019li katip \u00fcyeler yan\u0131mda bulunmad\u0131lar. \u00c7o\u011fu karar\u0131 etkilemek amac\u0131yla kendi \u00e7aplar\u0131nda meclisi boykot ediyorlar. CHP\u2019li meclis \u00fcyelerinin bana boykot etmelerinin hi\u00e7bir hakl\u0131 taraf\u0131 yoktur. Kula Belediyesi\u2019ne hi\u00e7 kimsenin boykot etme hakk\u0131 yoktur&#8221; dedi.<br \/>\n<br \/>Ba\u015fkan D\u00f6nmez, meclisin ola\u011fan\u00fcst\u00fc toplanma gerek\u00e7esinin yat\u0131r\u0131m ve istihdam oldu\u011funu vurgulayarak, &#8220;Bilerek yat\u0131r\u0131m gelmesin, 150-200 ki\u015fi \u00e7al\u0131\u015fmas\u0131n, yeter ki Kula Belediye Ba\u015fkan\u0131 zora d\u00fc\u015fs\u00fcn istiyorlar&#8221; ifadelerini kulland\u0131.<br \/>\n<br \/>Ba\u015fkan D\u00f6nmez konu\u015fmas\u0131nda sert ifadeler kullanarak, &#8220;Ben istedi\u011finiz kadar zor duruma d\u00fc\u015ferim, hatta la\u011f\u0131m \u00e7ukuruna d\u00fc\u015fmeye bile raz\u0131y\u0131m. Ama Kula halk\u0131n\u0131n ve meclisinin tarihinde b\u00f6yle bir rezillik ya\u015fanmad\u0131. Haks\u0131zl\u0131k kar\u015f\u0131s\u0131nda susmam, susarsam dilsiz \u015feytan olurum. Bu kadar a\u015fa\u011f\u0131lay\u0131c\u0131 bir tablo Kula\u2019da hi\u00e7 ya\u015fanmad\u0131&#8221; s\u00f6zleriyle tepki g\u00f6sterdi.<\/p>\n<p>&#8220;CHP\u2019li meclis \u00fcyelerinin ki\u015fisel egolar\u0131 y\u00fcz\u00fcnden bu noktaya geldik&#8221;<br \/>\n<br \/>D\u00f6nmez, konu\u015fmas\u0131n\u0131n devam\u0131nda mecliste ya\u015fananlar\u0131 ele\u015ftirerek, &#8220;Kimin it, kimin at oldu\u011fu belli olmaz olmu\u015ftur. Hele hele dere ge\u00e7ilirken at de\u011fi\u015ftirilmez. Bunlar, \u00fcst\u00fcnde bulunduklar\u0131 at\u0131n e\u011ferini s\u00f6kerek bo\u011fulmay\u0131 g\u00f6ze alm\u0131\u015flard\u0131r. Allah herkesin kalbine ve vicdan\u0131na g\u00f6re versin. Baz\u0131 CHP\u2019li meclis \u00fcyelerinin ki\u015fisel egolar\u0131 y\u00fcz\u00fcnden bu noktaya geldik&#8221; dedi.<br \/>\n<br \/>Toplant\u0131da, mazeret dilek\u00e7eleri oy \u00e7oklu\u011fuyla kabul edildi. Ard\u0131ndan tek g\u00fcndem maddesi oylanarak meclisten ge\u00e7irildi. Ancak oylaman\u0131n ge\u00e7erlili\u011fi konusunda teredd\u00fctlerin bulundu\u011funu belirten Ba\u015fkan D\u00f6nmez, hukuki g\u00f6r\u00fc\u015f alacaklar\u0131n\u0131 a\u00e7\u0131klad\u0131.<br \/>\n<br \/>Kula Belediye Ba\u015fkan\u0131 Hikmet D\u00f6nmez, toplant\u0131ya kat\u0131lmayan meclis \u00fcyeleri hakk\u0131nda yapt\u0131\u011f\u0131 a\u00e7\u0131klamada \u015funlar\u0131 s\u00f6yledi:<br \/>\n<br \/>&#8220;Meclisimizde CHP\u2019li \u00fcyelerden Mahmut \u00c7al\u0131k, Adem Akar ve Hilal \u00c7etinta\u015f mazeret bildirerek toplant\u0131ya kat\u0131lmad\u0131. MHP grubundan ise Alim Ulusoy mazeretli olarak yer almad\u0131. Ancak CHP\u2019li \u00fcyelerden Semra G\u00fcnd\u00fcz, Mutlu Keskin, Mustafa G\u00f6kay ve Murat Kaynak hi\u00e7bir mazeret bildirmeden toplant\u0131ya gelmedi.&#8221;<br \/><\/p>\n","protected":false},"excerpt":{"rendered":"<p>Manisa\u2019n\u0131n Kula il\u00e7esinde, G\u00f6k\u00e7e\u00f6ren Mahallesi\u2019nde bulunan pomza oca\u011f\u0131n\u0131n kiralanmas\u0131yla ilgili g\u00fcndem maddesi i\u00e7in ola\u011fan\u00fcst\u00fc toplanan Kula Belediye Meclisi\u2019nde kriz ya\u015fand\u0131. Belediye Ba\u015fkan\u0131 Hikmet D\u00f6nmez\u2019in ba\u015fkanl\u0131\u011f\u0131nda 16 \u00fcyenin bulundu\u011fu mecliste, 8 \u00fcyenin toplant\u0131ya kat\u0131lmamas\u0131 dikkat \u00e7ekti. 4 CHP\u2019li \u00fcye mazeretsiz, 3 CHP\u2019li \u00fcye mazeret dilek\u00e7esi vererek toplant\u0131ya kat\u0131lmazken, MHP\u2019li bir meclis \u00fcyesi de mazeretli olarak toplant\u0131ya&#8230;<\/p>\n","protected":false},"author":1,"featured_media":53089,"comment_status":"open","ping_status":"open","sticky":false,"template":"","format":"standard","meta":{"_crdt_document":"","footnotes":""},"categories":[127],"tags":[],"class_list":["post-53088","post","type-post","status-publish","format-standard","has-post-thumbnail","hentry","category-siyaset"],"_links":{"self":[{"href":"https:\/\/www.egemtv.com\/index.php?rest_route=\/wp\/v2\/posts\/53088","targetHints":{"allow":["GET"]}}],"collection":[{"href":"https:\/\/www.egemtv.com\/index.php?rest_route=\/wp\/v2\/posts"}],"about":[{"href":"https:\/\/www.egemtv.com\/index.php?rest_route=\/wp\/v2\/types\/post"}],"author":[{"embeddable":true,"href":"https:\/\/www.egemtv.com\/index.php?rest_route=\/wp\/v2\/users\/1"}],"replies":[{"embeddable":true,"href":"https:\/\/www.egemtv.com\/index.php?rest_route=%2Fwp%2Fv2%2Fcomments&post=53088"}],"version-history":[{"count":1,"href":"https:\/\/www.egemtv.com\/index.php?rest_route=\/wp\/v2\/posts\/53088\/revisions"}],"predecessor-version":[{"id":53090,"href":"https:\/\/www.egemtv.com\/index.php?rest_route=\/wp\/v2\/posts\/53088\/revisions\/53090"}],"wp:featuredmedia":[{"embeddable":true,"href":"https:\/\/www.egemtv.com\/index.php?rest_route=\/wp\/v2\/media\/53089"}],"wp:attachment":[{"href":"https:\/\/www.egemtv.com\/index.php?rest_route=%2Fwp%2Fv2%2Fmedia&parent=53088"}],"wp:term":[{"taxonomy":"category","embeddable":true,"href":"https:\/\/www.egemtv.com\/index.php?rest_route=%2Fwp%2Fv2%2Fcategories&post=53088"},{"taxonomy":"post_tag","embeddable":true,"href":"https:\/\/www.egemtv.com\/index.php?rest_route=%2Fwp%2Fv2%2Ftags&post=53088"}],"curies":[{"name":"wp","href":"https:\/\/api.w.org\/{rel}","templated":true}]}}