{"id":53085,"date":"2025-09-06T17:15:13","date_gmt":"2025-09-06T14:15:13","guid":{"rendered":"https:\/\/www.egemtv.com\/?p=53085"},"modified":"2025-09-06T17:15:13","modified_gmt":"2025-09-06T14:15:13","slug":"aydinda-188-bin-ogrenci-ders-basi-yapacak","status":"publish","type":"post","link":"https:\/\/www.egemtv.com\/?p=53085","title":{"rendered":"Ayd\u0131n\u2019da 188 bin \u00f6\u011frenci ders ba\u015f\u0131 yapacak"},"content":{"rendered":"<p>Ayd\u0131n\u2019da okullar\u0131n a\u00e7\u0131lmas\u0131na say\u0131l\u0131 g\u00fcnler kala, il genelindeki 188 bin 343 \u00f6\u011frenci de ders ba\u015f\u0131 yapmay\u0131 bekliyor.<br \/>\n<br \/>\u00dclke genelinde oldu\u011fu gibi Ayd\u0131n\u2019da da yeni e\u011fitim \u00f6\u011fretim d\u00f6nemi 8 Eyl\u00fcl\u2019de ba\u015flarken, \u00f6\u011frenciler de s\u0131n\u0131flar\u0131na kavu\u015fman\u0131n heyecan\u0131n\u0131 ya\u015f\u0131yor. Ayd\u0131n \u0130l Milli E\u011fitim M\u00fcd\u00fcrl\u00fc\u011f\u00fc koordinesinde il genelindeki okullar da yeni e\u011fitim \u00f6\u011fretim y\u0131l\u0131na haz\u0131rlan\u0131rken, toplam 188 bin 343 \u00f6\u011frenci de ilk ders zilinin \u00e7almas\u0131n\u0131 bekliyor. 8 Eyl\u00fcl itibariyle 877 okulda 15 bin 750 \u00f6\u011fretmen ile e\u011fitime ba\u015flanacak.<br \/>\n<br \/>2025-2026 e\u011fitim ve \u00f6\u011fretim y\u0131l\u0131nda birinci d\u00f6nem 8 Eyl\u00fcl 2025 Pazartesi g\u00fcn\u00fc ba\u015flay\u0131p, 16 Ocak 2026 Cuma g\u00fcn\u00fc sona erecek. \u0130lk ara tatil ise 10-14 Kas\u0131m 2025 tarihleri aras\u0131nda yap\u0131lacak.<br \/><\/p>\n","protected":false},"excerpt":{"rendered":"<p>Ayd\u0131n\u2019da okullar\u0131n a\u00e7\u0131lmas\u0131na say\u0131l\u0131 g\u00fcnler kala, il genelindeki 188 bin 343 \u00f6\u011frenci de ders ba\u015f\u0131 yapmay\u0131 bekliyor. \u00dclke genelinde oldu\u011fu gibi Ayd\u0131n\u2019da da yeni e\u011fitim \u00f6\u011fretim d\u00f6nemi 8 Eyl\u00fcl\u2019de ba\u015flarken, \u00f6\u011frenciler de s\u0131n\u0131flar\u0131na kavu\u015fman\u0131n heyecan\u0131n\u0131 ya\u015f\u0131yor. Ayd\u0131n \u0130l Milli E\u011fitim M\u00fcd\u00fcrl\u00fc\u011f\u00fc koordinesinde il genelindeki okullar da yeni e\u011fitim \u00f6\u011fretim y\u0131l\u0131na haz\u0131rlan\u0131rken, toplam 188 bin 343&#8230;<\/p>\n","protected":false},"author":1,"featured_media":53086,"comment_status":"open","ping_status":"open","sticky":false,"template":"","format":"standard","meta":{"_crdt_document":"","footnotes":""},"categories":[1],"tags":[],"class_list":["post-53085","post","type-post","status-publish","format-standard","has-post-thumbnail","hentry","category-guncel"],"_links":{"self":[{"href":"https:\/\/www.egemtv.com\/index.php?rest_route=\/wp\/v2\/posts\/53085","targetHints":{"allow":["GET"]}}],"collection":[{"href":"https:\/\/www.egemtv.com\/index.php?rest_route=\/wp\/v2\/posts"}],"about":[{"href":"https:\/\/www.egemtv.com\/index.php?rest_route=\/wp\/v2\/types\/post"}],"author":[{"embeddable":true,"href":"https:\/\/www.egemtv.com\/index.php?rest_route=\/wp\/v2\/users\/1"}],"replies":[{"embeddable":true,"href":"https:\/\/www.egemtv.com\/index.php?rest_route=%2Fwp%2Fv2%2Fcomments&post=53085"}],"version-history":[{"count":1,"href":"https:\/\/www.egemtv.com\/index.php?rest_route=\/wp\/v2\/posts\/53085\/revisions"}],"predecessor-version":[{"id":53087,"href":"https:\/\/www.egemtv.com\/index.php?rest_route=\/wp\/v2\/posts\/53085\/revisions\/53087"}],"wp:featuredmedia":[{"embeddable":true,"href":"https:\/\/www.egemtv.com\/index.php?rest_route=\/wp\/v2\/media\/53086"}],"wp:attachment":[{"href":"https:\/\/www.egemtv.com\/index.php?rest_route=%2Fwp%2Fv2%2Fmedia&parent=53085"}],"wp:term":[{"taxonomy":"category","embeddable":true,"href":"https:\/\/www.egemtv.com\/index.php?rest_route=%2Fwp%2Fv2%2Fcategories&post=53085"},{"taxonomy":"post_tag","embeddable":true,"href":"https:\/\/www.egemtv.com\/index.php?rest_route=%2Fwp%2Fv2%2Ftags&post=53085"}],"curies":[{"name":"wp","href":"https:\/\/api.w.org\/{rel}","templated":true}]}}