{"id":53082,"date":"2025-09-06T16:55:38","date_gmt":"2025-09-06T13:55:38","guid":{"rendered":"https:\/\/www.egemtv.com\/?p=53082"},"modified":"2025-09-06T16:55:39","modified_gmt":"2025-09-06T13:55:39","slug":"bakan-goktas-siddet-dongusunu-kalici-olarak-kiracagiz","status":"publish","type":"post","link":"https:\/\/www.egemtv.com\/?p=53082","title":{"rendered":"Bakan G\u00f6kta\u015f: &#8220;\u015eiddet d\u00f6ng\u00fcs\u00fcn\u00fc kal\u0131c\u0131 olarak k\u0131raca\u011f\u0131z&#8221;"},"content":{"rendered":"<p>Aile ve Sosyal Hizmetler Bakan\u0131 Mahinur \u00d6zdemir G\u00f6kta\u015f, kad\u0131na \u015fiddetle m\u00fccadelede 5. Ulusal Eylem Plan\u0131na \u0131\u015f\u0131k tutacak yol haritas\u0131n\u0131 belirlemek \u00fczere Manisa\u2019da Ege B\u00f6lgesi Kad\u0131n Hizmetleri B\u00f6lgesel \u0130sti\u015fare Toplant\u0131s\u0131na kat\u0131ld\u0131. Bakan G\u00f6kta\u015f, &#8220;Amac\u0131m\u0131z \u015fiddet d\u00f6ng\u00fcs\u00fcn\u00fc kal\u0131c\u0131 olarak k\u0131rmakt\u0131r. Yeni eylem plan\u0131m\u0131zda bu alanda \u00e7ok daha g\u00fc\u00e7l\u00fc ad\u0131mlar olacakt\u0131r.&#8221; dedi.<br \/>\n<br \/>Aile ve Sosyal Hizmetler Bakan\u0131 Mahinur \u00d6zdemir G\u00f6kta\u015f Manisa Polisevi\u2019nde d\u00fczenlenen \u2019Ter\u00f6rs\u00fcz T\u00fcrkiye Karde\u015flik Sofras\u0131\u2019 ve ard\u0131ndan \u2019Ege B\u00f6lgesi Kad\u0131n Hizmetleri B\u00f6lgesel \u0130sti\u015fare Toplant\u0131s\u0131\u2019na kat\u0131ld\u0131.<br \/>\n<br \/>Aile ve Sosyal Hizmetler Bakan\u0131 Mahinur \u00d6zdemir G\u00f6kta\u015f Manisa temaslar\u0131 kapsam\u0131nda \u2019Ter\u00f6rs\u00fcz T\u00fcrkiye Karde\u015flik Sofras\u0131\u2019 ve ard\u0131ndan \u2019Ege B\u00f6lgesi Kad\u0131n Hizmetleri B\u00f6lgesel \u0130sti\u015fare Toplant\u0131s\u0131\u2019na kat\u0131ld\u0131. Manisa Polisevi\u2019nde ger\u00e7ekle\u015ftirilen programa Bakan G\u00f6kta\u015f\u2019\u0131n yan\u0131 s\u0131ra Manisa Valisi Vahdettin \u00d6zkan, Bakan Yard\u0131mc\u0131lar\u0131, bakanl\u0131\u011fa ba\u011fl\u0131 kurumlar\u0131n Ege B\u00f6lgesindeki illerinin m\u00fcd\u00fcrleri kat\u0131ld\u0131.<\/p>\n<p>&#8220;5. Eylem Plan\u0131 haz\u0131rl\u0131klar\u0131 ba\u015flad\u0131&#8221;<br \/>\n<br \/>&#8220;Manisa\u2019da ger\u00e7ekle\u015ftirdi\u011fimiz Ege B\u00f6lgesi Kad\u0131n Hizmetleri B\u00f6lge \u0130sti\u015fare Toplant\u0131s\u0131na hepiniz ho\u015f geldiniz.&#8221; diyerek konu\u015fmas\u0131na ba\u015flayan Bakan G\u00f6kta\u015f, &#8220;S\u00f6zlerimin hemen ba\u015f\u0131nda kad\u0131na y\u00f6nelik \u015fiddetle m\u00fccadelemizde illerinizde g\u00f6sterdi\u011finiz \u00f6zverili \u00e7al\u0131\u015fmalar i\u00e7in her birinize de te\u015fekk\u00fcr etmek istiyorum. Bug\u00fcn 2026-2030 d\u00f6nemini kapsayan 5. Ulusal Eylem Plan\u0131m\u0131za \u0131\u015f\u0131k tutacak yol haritam\u0131z\u0131 \u00e7izmek \u00fczere bir araday\u0131z. Amac\u0131m\u0131z sadece g\u00f6r\u00fc\u015f al\u0131\u015fveri\u015finde bulunmak de\u011fil. Ayn\u0131 zamanda gelece\u011fe y\u00f6n verecek g\u00fc\u00e7l\u00fc bir stratejiyi hep birlikte in\u015fa etmektir. Bu anlamda toplant\u0131m\u0131z\u0131n illerimizde sunulan hizmetlerin verimlili\u011fini art\u0131raca\u011f\u0131na inan\u0131yorum. Toplant\u0131m\u0131z\u0131n hay\u0131rl\u0131 olmas\u0131n\u0131 diliyorum. Say\u0131n Cumhurba\u015fkan\u0131m\u0131z\u0131n liderli\u011finde son 23 y\u0131lda kad\u0131n haklar\u0131n\u0131n ve refah\u0131n\u0131n art\u0131r\u0131lmas\u0131 i\u00e7in \u00f6nemli ad\u0131mlar att\u0131k. \u00d6zellikle kad\u0131na y\u00f6nelik \u015fiddetle m\u00fccadelede s\u0131f\u0131r tolerans ilkesi \u00e7er\u00e7evesinde hareket ettik. Kad\u0131na y\u00f6nelik \u015fiddette meseleyi her zaman siyaset \u00fcst\u00fc bir mesele olarak g\u00f6rd\u00fck. Bu m\u00fccadelede g\u00fc\u00e7l\u00fc bir yasal altyap\u0131 olu\u015fturduk. 6284 say\u0131l\u0131 ve TCK de\u011fi\u015fiklikleriyle hukuki mekanizmalar\u0131m\u0131z\u0131 g\u00fc\u00e7lendirdik. Ulusal ve yerel d\u00fczeyde eylem planlar\u0131 haz\u0131rlad\u0131k. Koordinasyon kurullar\u0131 arac\u0131l\u0131\u011f\u0131yla yerelde ve merkezde etkin mekanizmalar kurarak uygulamaya ge\u00e7irdik. Bug\u00fcne kadar d\u00f6rt ulusal eylem plan\u0131n\u0131 hayata ge\u00e7irdik. Her biri kendi d\u00f6neminin ihtiya\u00e7lar\u0131n\u0131 kar\u015f\u0131layan sahada \u00f6nemli bir d\u00f6n\u00fc\u015f\u00fcme \u00f6nc\u00fcl\u00fck ettiler. Bu y\u0131l\u0131n sonunda 4. plan\u0131m\u0131z\u0131 tamaml\u0131yoruz. 5. plan\u0131m\u0131z\u0131n haz\u0131rl\u0131klar\u0131na ise ba\u015flad\u0131k. Di\u011fer yandan 2012\u2019de Bursa ve Adana\u2019da ilkini a\u00e7t\u0131\u011f\u0131m\u0131z \u015e\u00d6N\u0130M\u2019leri bug\u00fcn 81 ilimizde yayg\u0131nla\u015ft\u0131rd\u0131k. Mersin, Silifke, \u0130zmir, Menemen ve \u0130stanbul, Sancaktepe\u2019de yeni merkezleri bu y\u0131l a\u00e7t\u0131k. Bu hafta hizmete a\u00e7t\u0131\u011f\u0131m\u0131z Antalya, Alanya\u2019daki \u015e\u00d6N\u0130M\u2019lerimizle beraber bu say\u0131y\u0131 85\u2019e \u00e7\u0131kard\u0131k. Her elimizde ikinci \u015e\u00d6N\u0130M\u2019leri a\u00e7mak i\u00e7in \u00e7al\u0131\u015fmalar\u0131m\u0131z devam ediyor. Mu\u011fla, Ayd\u0131n, Denizli ve Manisa bu kapsamda \u00f6ncelikli \u015fehirlerimizden. Bunun yan\u0131 s\u0131ra hizmetlerimizi daha eri\u015filebilir k\u0131lmak i\u00e7in 432 Sosyal Hizmet Merkezi\u2019nde \u015fiddetle m\u00fccadele irtibat noktalar\u0131 kurduk. Bakanl\u0131\u011f\u0131m\u0131za ba\u011fl\u0131 112 kad\u0131n konukevi ile \u015fiddet ma\u011fduru kad\u0131nlara ve \u00e7ocuklara hizmet vermeye devam ediyoruz. Bu merkezlerimizde nitelikli hizmet g\u00fcvence alt\u0131na almak i\u00e7in hizmet standartlar\u0131 ve \u00f6z de\u011ferlendirme rehberleri geli\u015ftirdik. KSGM ile de\u011ferlendirme ziyaretlerini s\u00fcrd\u00fcr\u00fcyoruz. \u0130yile\u015ftirme planlar\u0131n\u0131 yak\u0131ndan takip ediyoruz. Ayr\u0131ca AR-GE 183, KADES, elektronik kelep\u00e7e uygulamalar\u0131 ile \u015fiddet vakalar\u0131na m\u00fcdahale mekanizmalar\u0131n\u0131 g\u00fc\u00e7lendirdik. Adalet, i\u00e7 i\u015fleri ve sa\u011fl\u0131k bakanl\u0131klar\u0131m\u0131z aras\u0131nda kurdu\u011fumuz veri entegrasyon sistemleriyle \u015fiddetle m\u00fccadelede g\u00fc\u00e7l\u00fc bir teknolojik altyap\u0131s\u0131 olu\u015fturduk.&#8221; dedi.<\/p>\n<p>&#8220;5. Eylem plan\u0131 haz\u0131rlan\u0131yor&#8221;<br \/>\n<br \/>Kad\u0131na y\u00f6nelik \u015fiddetle m\u00fccadelenin kararl\u0131l\u0131k, s\u00fcreklilik ve ortak ak\u0131l gerektiren bir s\u00fcre\u00e7 oldu\u011funa i\u015faret eden Bakan G\u00f6kta\u015f, &#8220;T\u00dcB\u0130TAK destekli projelerle \u015fiddet uygulayanlara y\u00f6nelik psikososyal m\u00fcdahale modelleri ve ihtisasla\u015fm\u0131\u015f konuk evleri gibi yenilik\u00e7i ad\u0131mlar att\u0131k. Kamu personeli, gen\u00e7ler ve \u00fcniversite \u00f6\u011frencileri i\u00e7in e\u011fitimler d\u00fczenledik. \u015euna inan\u0131yoruz ki kad\u0131na y\u00f6nelik \u015fiddetle m\u00fccadele kararl\u0131l\u0131k, s\u00fcreklilik ve ortak ak\u0131l gerektiren bir s\u00fcre\u00e7tir. Bu do\u011frultuda 5. Ulusal Eylem Plan\u0131m\u0131z\u0131 bilimsel temelli yenilik\u00e7i, kat\u0131l\u0131mc\u0131 ve s\u00fcrd\u00fcr\u00fclebilir bir vizyonla haz\u0131rl\u0131yoruz. Bu kapsamda 29 \u00fclkenin \u00f6rnek uygulamalar\u0131n\u0131 ve uluslararas\u0131 belgeleri inceledik. Kamu kurumlar\u0131, \u00fcniversiteler, sivil toplum kurulu\u015flar\u0131 ve uluslararas\u0131 kurulu\u015flardan 437 payda\u015f\u0131n g\u00f6r\u00fc\u015f\u00fcn\u00fc ald\u0131k. \u015e\u00d6N\u0130M Kad\u0131n Konukevi, \u0130l M\u00fcd\u00fcrl\u00fckleri ve Sosyal Hizmet Merkezleri irtibat noktalar\u0131nda g\u00f6rev yapan 1261 ta\u015fra personelin kat\u0131l\u0131m\u0131yla anketler ger\u00e7ekle\u015ftirdik. 27 oda kurum toplant\u0131s\u0131 d\u00fczenledik. Kamuoyu anketimizi haz\u0131rlad\u0131k. Bunu da \u00e7ok yak\u0131n zamanda vatanda\u015flar\u0131m\u0131zla payla\u015faca\u011f\u0131z. 5. eylem plan\u0131m\u0131z\u0131 sahaya dayal\u0131 ve ihtiya\u00e7 odakl\u0131 k\u0131lmak amac\u0131yla bug\u00fcn oldu\u011fu gibi b\u00f6lgesel isti\u015fare toplant\u0131lar\u0131 d\u00fczenliyoruz. Bu kapsamda Marmara, Do\u011fu Anadolu, G\u00fcneydo\u011fu Anadolu ve Karadeniz b\u00f6lgelerinde toplant\u0131lar\u0131m\u0131z\u0131 tamamlad\u0131k. \u00d6n\u00fcm\u00fczdeki hafta Akdeniz ve \u0130\u00e7 Anadolu toplant\u0131lar\u0131 da ger\u00e7ekle\u015ftirecek ve s\u00fcreci nihayetlendirece\u011fiz. B\u00f6ylece 7 b\u00f6lgenin tamam\u0131n\u0131 kapsayacak ulusal belgemizi yerelden beslenen g\u00fc\u00e7l\u00fc bir vizyonla \u015fekillendirece\u011fiz&#8221; ifadelerini kulland\u0131.<\/p>\n<p>&#8220;M\u00fccadelemiz sadece ma\u011fduru de\u011fil, faili de hedef almakta&#8221;<br \/>\n<br \/>&#8220;Sahada \u00e7al\u0131\u015fan sizler, sorunlar\u0131, g\u00fc\u00e7l\u00fc yanlar\u0131n\u0131z\u0131 ve yerel \u00e7\u00f6z\u00fcmleri en iyi bilen akt\u00f6rlersiniz&#8221; diyen Bakan G\u00f6kta\u015f a\u00e7\u0131klamas\u0131n\u0131 \u015f\u00f6yle tamamlad\u0131: &#8220;Bizim g\u00f6revimiz bu deneyimleri ulusal d\u00fczeyde bir stratejiye d\u00f6n\u00fc\u015ft\u00fcrmektir. Bug\u00fcn iki ba\u015fl\u0131\u011f\u0131 ele alaca\u011f\u0131z. Birincisi yerel dinamikler ve b\u00f6lgeye \u00f6zg\u00fc hususlard\u0131r. K\u00fclt\u00fcrel farkl\u0131l\u0131klarla, \u015fiddetin seyrindeki \u00f6zel durumlar\u0131, i\u015fbirli\u011finde kar\u015f\u0131la\u015f\u0131lan engelleri ve sa\u011fda geli\u015ftirdi\u011finiz \u00e7\u00f6z\u00fcmleri mesnet yat\u0131raca\u011f\u0131z. \u0130kincisi ise yeni d\u00f6nemde y\u00f6nelik ihtiya\u00e7lar ve \u00f6nerilerdir. Mevzuat de\u011fi\u015fikliklerinden yeni hizmet modellerine, \u015f\u00f6minen ve konuk evlerinin g\u00fc\u00e7lendirilmesinden, e\u011fitim ve fark\u0131ndal\u0131k programlar\u0131na kadar her t\u00fcrl\u00fc \u00f6nerinizi dikkatle dinleyece\u011fiz. Hepimiz \u00e7ok iyi biliyoruz ki kad\u0131na y\u00f6nelik \u015fiddet aileye ve topluma zarar veren, kalk\u0131nmay\u0131 engelleyen a\u011f\u0131r bir insan haklar\u0131 ihlalidir. M\u00fccadelemizin temeli \u015fiddet ba\u015flamadan \u00f6nce bitirmektir. Bunu da ancak s\u0131f\u0131r tolerans ilkesiyle toplumu harekete ge\u00e7irerek ba\u015farabiliriz. M\u00fccadelemiz sadece ma\u011fduru de\u011fil, faili de hedef almakta, davran\u0131\u015f de\u011fi\u015fikli\u011fine odaklanmaktad\u0131r. Burada amac\u0131m\u0131z \u015fiddet d\u00f6ng\u00fcs\u00fcn\u00fc kal\u0131c\u0131 olarak k\u0131rmakt\u0131r. Yeni eylem plan\u0131m\u0131zda bu alanda \u00e7ok daha g\u00fc\u00e7l\u00fc ad\u0131mlar olacakt\u0131r. Bu anlamda bu s\u00fcreci Kad\u0131n Stat\u00fcs\u00fc Genel M\u00fcd\u00fcrl\u00fc\u011f\u00fc ile i\u015fbirli\u011fi ve koordinasyon i\u00e7inde \u00e7al\u0131\u015fmam\u0131z b\u00fcy\u00fck \u00f6nem ta\u015f\u0131maktad\u0131r. B\u00f6ylece sahadaki uygulamalar\u0131m\u0131z\u0131n ulusal stratejilerde b\u00fct\u00fcnle\u015ferek daha etkin sonu\u00e7lara ula\u015facakt\u0131r. S\u00f6ylem ve eylem birli\u011finin i\u00e7inde hareket etmek ba\u015far\u0131m\u0131z\u0131n as\u0131l anahtar\u0131d\u0131r. Valilerimizden kaymakamlar\u0131m\u0131za, sosyal hizmet personellerinden, kolluk kuvvetlerine, yarg\u0131 mensuplar\u0131ndan sa\u011fl\u0131k \u00e7al\u0131\u015fanlar\u0131na, e\u011fitimcilerden sivil toplum kurulu\u015flar\u0131 ve akademisyenlere kadar t\u00fcm payda\u015flar ayn\u0131 hedef etraf\u0131nda birle\u015fti\u011finde sorunlar\u0131n \u00e7\u00f6z\u00fcm\u00fc \u00e7ok daha g\u00fc\u00e7l\u00fc ve kal\u0131c\u0131 olacakt\u0131r.&#8221;<br \/><\/p>\n","protected":false},"excerpt":{"rendered":"<p>Aile ve Sosyal Hizmetler Bakan\u0131 Mahinur \u00d6zdemir G\u00f6kta\u015f, kad\u0131na \u015fiddetle m\u00fccadelede 5. Ulusal Eylem Plan\u0131na \u0131\u015f\u0131k tutacak yol haritas\u0131n\u0131 belirlemek \u00fczere Manisa\u2019da Ege B\u00f6lgesi Kad\u0131n Hizmetleri B\u00f6lgesel \u0130sti\u015fare Toplant\u0131s\u0131na kat\u0131ld\u0131. Bakan G\u00f6kta\u015f, &#8220;Amac\u0131m\u0131z \u015fiddet d\u00f6ng\u00fcs\u00fcn\u00fc kal\u0131c\u0131 olarak k\u0131rmakt\u0131r. Yeni eylem plan\u0131m\u0131zda bu alanda \u00e7ok daha g\u00fc\u00e7l\u00fc ad\u0131mlar olacakt\u0131r.&#8221; dedi. Aile ve Sosyal Hizmetler Bakan\u0131 Mahinur&#8230;<\/p>\n","protected":false},"author":1,"featured_media":53083,"comment_status":"open","ping_status":"open","sticky":false,"template":"","format":"standard","meta":{"_crdt_document":"","footnotes":""},"categories":[127],"tags":[],"class_list":["post-53082","post","type-post","status-publish","format-standard","has-post-thumbnail","hentry","category-siyaset"],"_links":{"self":[{"href":"https:\/\/www.egemtv.com\/index.php?rest_route=\/wp\/v2\/posts\/53082","targetHints":{"allow":["GET"]}}],"collection":[{"href":"https:\/\/www.egemtv.com\/index.php?rest_route=\/wp\/v2\/posts"}],"about":[{"href":"https:\/\/www.egemtv.com\/index.php?rest_route=\/wp\/v2\/types\/post"}],"author":[{"embeddable":true,"href":"https:\/\/www.egemtv.com\/index.php?rest_route=\/wp\/v2\/users\/1"}],"replies":[{"embeddable":true,"href":"https:\/\/www.egemtv.com\/index.php?rest_route=%2Fwp%2Fv2%2Fcomments&post=53082"}],"version-history":[{"count":1,"href":"https:\/\/www.egemtv.com\/index.php?rest_route=\/wp\/v2\/posts\/53082\/revisions"}],"predecessor-version":[{"id":53084,"href":"https:\/\/www.egemtv.com\/index.php?rest_route=\/wp\/v2\/posts\/53082\/revisions\/53084"}],"wp:featuredmedia":[{"embeddable":true,"href":"https:\/\/www.egemtv.com\/index.php?rest_route=\/wp\/v2\/media\/53083"}],"wp:attachment":[{"href":"https:\/\/www.egemtv.com\/index.php?rest_route=%2Fwp%2Fv2%2Fmedia&parent=53082"}],"wp:term":[{"taxonomy":"category","embeddable":true,"href":"https:\/\/www.egemtv.com\/index.php?rest_route=%2Fwp%2Fv2%2Fcategories&post=53082"},{"taxonomy":"post_tag","embeddable":true,"href":"https:\/\/www.egemtv.com\/index.php?rest_route=%2Fwp%2Fv2%2Ftags&post=53082"}],"curies":[{"name":"wp","href":"https:\/\/api.w.org\/{rel}","templated":true}]}}