{"id":53079,"date":"2025-09-06T16:15:16","date_gmt":"2025-09-06T13:15:16","guid":{"rendered":"https:\/\/www.egemtv.com\/?p=53079"},"modified":"2025-09-06T16:15:17","modified_gmt":"2025-09-06T13:15:17","slug":"buldanda-kontrol-altina-yangin-bolgesinde-ates-savascilari-teyakkuzda","status":"publish","type":"post","link":"https:\/\/www.egemtv.com\/?p=53079","title":{"rendered":"Buldan\u2019da kontrol alt\u0131na yang\u0131n b\u00f6lgesinde ate\u015f sava\u015f\u00e7\u0131lar\u0131 teyakkuzda"},"content":{"rendered":"<p>Denizli\u2019nin Buldan il\u00e7esinde ge\u00e7ti\u011fimiz g\u00fcnlerde kontrol alt\u0131na al\u0131nan yang\u0131n b\u00f6lgesinde onlarca mevkii de n\u00f6bet tutan personellere ziyaret eden Buldan Ticaret Odas\u0131 Meclis Ba\u015fkan\u0131 \u0130brahim Ac\u0131kara ve Buldan Kara Avc\u0131lar Derne\u011fi Ba\u015fkan\u0131 Hakan Aytekin ziyarette bulundu. N\u00f6bet tutan personeller ise, &#8220;\u015eu anda t\u00fcm personelimiz ile \u00e7evre il ve il\u00e7elerden gelen yang\u0131n personelimiz gece g\u00fcnd\u00fcz da\u011flarda teyakkuz halindeyiz&#8221; dedi.<\/p>\n<p>Buldan\u2019da ger\u00e7ekle\u015fen orman yang\u0131n\u0131nda fedakarca m\u00fccadele eden Buldan Orman \u0130\u015fletme M\u00fcd\u00fcrl\u00fc\u011f\u00fc personeli yang\u0131n\u0131n s\u00f6nmesine ra\u011fmen teyakkuz halinde g\u00f6revlerini ifa ediyor. Armutlu Gedik, Ta\u015fl\u0131 \u00c7ukur, \u0130ncir Kayas\u0131, Civaro\u011flunun Damlar\u0131, Gadime, Muhtar\u0131n Sivri, Yelli Gedik, K\u00f6m\u00fcr Ocaklar\u0131, Kumral\u0131, Kaplan Kayalar\u0131, Eskicinin \u00c7am\u0131, Gazelli, Akyar ve Karadere mevkilerinde konu\u015flu bulunan Buldan Orman \u0130\u015fletme M\u00fcd\u00fcrl\u00fc\u011f\u00fc personelleri, ye\u015fil vatan i\u00e7in g\u00f6rev yapman\u0131n gururunu ya\u015fad\u0131klar\u0131n\u0131 belirtti. Buldan Ticaret Odas\u0131 Meclis Ba\u015fkan\u0131 \u0130brahim Ac\u0131kara ve Buldan Kara Avc\u0131lar Derne\u011fi Ba\u015fkan\u0131 Hakan Aytekin, yanan b\u00f6lgelerde konu\u015fland\u0131ran ekipleri ziyaret ederek te\u015fekk\u00fcrlerini sundu.<\/p>\n<p>&#8220;Yang\u0131n ilk ba\u015flad\u0131\u011f\u0131ndan bug\u00fcne de\u011fin asla y\u0131lg\u0131nl\u0131k duymadan g\u00f6rev yap\u0131yoruz&#8221;<br \/>\n<br \/>Yang\u0131n b\u00f6lgesinde n\u00f6betlerini devam eden personeller ise, &#8220;Yang\u0131n ilk ba\u015flad\u0131\u011f\u0131ndan bug\u00fcne de\u011fin asla y\u0131lg\u0131nl\u0131k duymadan g\u00f6rev yap\u0131yoruz. G\u00f6revimizde ya\u015fad\u0131\u011f\u0131m\u0131z zorluklara ra\u011fmen halk\u0131m\u0131z\u0131n yan\u0131m\u0131zda oldu\u011funu g\u00f6rmek bizlere b\u00fcy\u00fck moral oldu. Yediden yetmi\u015fe herkes deste\u011fe geldi. Buldan merkezden, k\u00f6ylerden ve t\u00fcm il ve il\u00e7elerden kazmas\u0131yla, k\u00fcre\u011fiyle, trakt\u00f6r\u00fcyle, su tankerleriyle, tarallar\u0131yla, i\u015f makinalar\u0131yla, araz\u00f6zleriyle gelen ekipler yang\u0131n\u0131n daha da b\u00fcy\u00fcmesini ve Buldan\u2019a ula\u015fmas\u0131n\u0131 engelledi. Personelimiz insan\u00fcst\u00fc emek harcayarak m\u00fccadele etti. Ayr\u0131ca de\u011ferli vatanda\u015flar\u0131m\u0131z su, ayran, ila\u00e7 ve kumanya deste\u011fi sa\u011flamak ad\u0131na adeta birbirleriyle yar\u0131\u015ft\u0131. \u00c7ok k\u00f6t\u00fc anlar ya\u015fad\u0131k, arkada\u015flar\u0131m\u0131zdan yaralananlar oldu. Onlara acil \u015fifalar dileriz. Can kayb\u0131n\u0131n olmamas\u0131 tesellimiz oldu. Ancak kararan da\u011flar\u0131m\u0131za, yanan a\u011fa\u00e7lar\u0131m\u0131za bakt\u0131k\u00e7a i\u00e7imiz daha da yan\u0131yor. \u015eu anda t\u00fcm personelimiz ile \u00e7evre il ve il\u00e7elerden gelen yang\u0131n personelimiz gece g\u00fcnd\u00fcz da\u011flarda teyakkuz halindeyiz.  En k\u0131sa zamanda ye\u015fil Buldan\u2019\u0131m\u0131z\u0131n tekrar eski ye\u015filli\u011fine kavu\u015fmas\u0131 i\u00e7in \u00e7al\u0131\u015fmalar\u0131m\u0131za ba\u015flayaca\u011f\u0131z. Allah bir daha vatan\u0131m\u0131za ve milletimize b\u00f6yle ac\u0131lar ya\u015fatmas\u0131n&#8221; dedi.<br \/><\/p>\n","protected":false},"excerpt":{"rendered":"<p>Denizli\u2019nin Buldan il\u00e7esinde ge\u00e7ti\u011fimiz g\u00fcnlerde kontrol alt\u0131na al\u0131nan yang\u0131n b\u00f6lgesinde onlarca mevkii de n\u00f6bet tutan personellere ziyaret eden Buldan Ticaret Odas\u0131 Meclis Ba\u015fkan\u0131 \u0130brahim Ac\u0131kara ve Buldan Kara Avc\u0131lar Derne\u011fi Ba\u015fkan\u0131 Hakan Aytekin ziyarette bulundu. N\u00f6bet tutan personeller ise, &#8220;\u015eu anda t\u00fcm personelimiz ile \u00e7evre il ve il\u00e7elerden gelen yang\u0131n personelimiz gece g\u00fcnd\u00fcz da\u011flarda teyakkuz&#8230;<\/p>\n","protected":false},"author":1,"featured_media":53080,"comment_status":"open","ping_status":"open","sticky":false,"template":"","format":"standard","meta":{"_crdt_document":"","footnotes":""},"categories":[1],"tags":[],"class_list":["post-53079","post","type-post","status-publish","format-standard","has-post-thumbnail","hentry","category-guncel"],"_links":{"self":[{"href":"https:\/\/www.egemtv.com\/index.php?rest_route=\/wp\/v2\/posts\/53079","targetHints":{"allow":["GET"]}}],"collection":[{"href":"https:\/\/www.egemtv.com\/index.php?rest_route=\/wp\/v2\/posts"}],"about":[{"href":"https:\/\/www.egemtv.com\/index.php?rest_route=\/wp\/v2\/types\/post"}],"author":[{"embeddable":true,"href":"https:\/\/www.egemtv.com\/index.php?rest_route=\/wp\/v2\/users\/1"}],"replies":[{"embeddable":true,"href":"https:\/\/www.egemtv.com\/index.php?rest_route=%2Fwp%2Fv2%2Fcomments&post=53079"}],"version-history":[{"count":1,"href":"https:\/\/www.egemtv.com\/index.php?rest_route=\/wp\/v2\/posts\/53079\/revisions"}],"predecessor-version":[{"id":53081,"href":"https:\/\/www.egemtv.com\/index.php?rest_route=\/wp\/v2\/posts\/53079\/revisions\/53081"}],"wp:featuredmedia":[{"embeddable":true,"href":"https:\/\/www.egemtv.com\/index.php?rest_route=\/wp\/v2\/media\/53080"}],"wp:attachment":[{"href":"https:\/\/www.egemtv.com\/index.php?rest_route=%2Fwp%2Fv2%2Fmedia&parent=53079"}],"wp:term":[{"taxonomy":"category","embeddable":true,"href":"https:\/\/www.egemtv.com\/index.php?rest_route=%2Fwp%2Fv2%2Fcategories&post=53079"},{"taxonomy":"post_tag","embeddable":true,"href":"https:\/\/www.egemtv.com\/index.php?rest_route=%2Fwp%2Fv2%2Ftags&post=53079"}],"curies":[{"name":"wp","href":"https:\/\/api.w.org\/{rel}","templated":true}]}}