{"id":53076,"date":"2025-09-06T15:34:43","date_gmt":"2025-09-06T12:34:43","guid":{"rendered":"https:\/\/www.egemtv.com\/?p=53076"},"modified":"2025-09-06T15:34:44","modified_gmt":"2025-09-06T12:34:44","slug":"bodrum-orman-yangini-kontrol-altina-alindi","status":"publish","type":"post","link":"https:\/\/www.egemtv.com\/?p=53076","title":{"rendered":"Bodrum orman yang\u0131n\u0131 kontrol alt\u0131na al\u0131nd\u0131"},"content":{"rendered":"<p>Mu\u011fla\u2019n\u0131n Bodrum il\u00e7esinde \u00e7\u0131kan orman yang\u0131n\u0131 ekiplerin havadan ve karadan h\u0131zl\u0131 m\u00fcdahalesi ile kontrol alt\u0131na al\u0131nd\u0131.<br \/>\n<br \/>Yang\u0131n G\u00fcvercinlik Mahallesi\u2019ndeki ormanl\u0131k alanda \u00e7\u0131kt\u0131. Edinilen bilgiye g\u00f6re, b\u00f6lgedeki trafodan \u00e7\u0131kt\u0131\u011f\u0131 tahmin edilen yang\u0131n ormanl\u0131k alana s\u0131\u00e7rad\u0131. R\u00fczgar\u0131n da etkisiyle geni\u015f bir alana yay\u0131lan alevleri s\u00f6nd\u00fcrmek i\u00e7in b\u00f6lgeye Mu\u011fla Orman B\u00f6lge M\u00fcd\u00fcrl\u00fc\u011f\u00fc yang\u0131n s\u00f6nd\u00fcrme ve itfaiye ekipleri sevk edildi. Ekiplerin yang\u0131n\u0131 kontrol alt\u0131na almak i\u00e7in havadan ve karadan yo\u011fun m\u00fcdahalesi ba\u015flad\u0131. H\u0131zl\u0131 ve yo\u011fun m\u00fcdahale sonu\u00e7 verirken, yang\u0131n kontrol alt\u0131na al\u0131nd\u0131. B\u00f6lgede ekiplerin so\u011futma \u00e7al\u0131\u015fmalar\u0131n\u0131n devam etti\u011fi \u00f6\u011frenildi.<br \/><\/p>\n","protected":false},"excerpt":{"rendered":"<p>Mu\u011fla\u2019n\u0131n Bodrum il\u00e7esinde \u00e7\u0131kan orman yang\u0131n\u0131 ekiplerin havadan ve karadan h\u0131zl\u0131 m\u00fcdahalesi ile kontrol alt\u0131na al\u0131nd\u0131. Yang\u0131n G\u00fcvercinlik Mahallesi\u2019ndeki ormanl\u0131k alanda \u00e7\u0131kt\u0131. Edinilen bilgiye g\u00f6re, b\u00f6lgedeki trafodan \u00e7\u0131kt\u0131\u011f\u0131 tahmin edilen yang\u0131n ormanl\u0131k alana s\u0131\u00e7rad\u0131. R\u00fczgar\u0131n da etkisiyle geni\u015f bir alana yay\u0131lan alevleri s\u00f6nd\u00fcrmek i\u00e7in b\u00f6lgeye Mu\u011fla Orman B\u00f6lge M\u00fcd\u00fcrl\u00fc\u011f\u00fc yang\u0131n s\u00f6nd\u00fcrme ve itfaiye ekipleri sevk&#8230;<\/p>\n","protected":false},"author":1,"featured_media":53077,"comment_status":"open","ping_status":"open","sticky":false,"template":"","format":"standard","meta":{"_crdt_document":"","footnotes":""},"categories":[5],"tags":[],"class_list":["post-53076","post","type-post","status-publish","format-standard","has-post-thumbnail","hentry","category-asayis"],"_links":{"self":[{"href":"https:\/\/www.egemtv.com\/index.php?rest_route=\/wp\/v2\/posts\/53076","targetHints":{"allow":["GET"]}}],"collection":[{"href":"https:\/\/www.egemtv.com\/index.php?rest_route=\/wp\/v2\/posts"}],"about":[{"href":"https:\/\/www.egemtv.com\/index.php?rest_route=\/wp\/v2\/types\/post"}],"author":[{"embeddable":true,"href":"https:\/\/www.egemtv.com\/index.php?rest_route=\/wp\/v2\/users\/1"}],"replies":[{"embeddable":true,"href":"https:\/\/www.egemtv.com\/index.php?rest_route=%2Fwp%2Fv2%2Fcomments&post=53076"}],"version-history":[{"count":1,"href":"https:\/\/www.egemtv.com\/index.php?rest_route=\/wp\/v2\/posts\/53076\/revisions"}],"predecessor-version":[{"id":53078,"href":"https:\/\/www.egemtv.com\/index.php?rest_route=\/wp\/v2\/posts\/53076\/revisions\/53078"}],"wp:featuredmedia":[{"embeddable":true,"href":"https:\/\/www.egemtv.com\/index.php?rest_route=\/wp\/v2\/media\/53077"}],"wp:attachment":[{"href":"https:\/\/www.egemtv.com\/index.php?rest_route=%2Fwp%2Fv2%2Fmedia&parent=53076"}],"wp:term":[{"taxonomy":"category","embeddable":true,"href":"https:\/\/www.egemtv.com\/index.php?rest_route=%2Fwp%2Fv2%2Fcategories&post=53076"},{"taxonomy":"post_tag","embeddable":true,"href":"https:\/\/www.egemtv.com\/index.php?rest_route=%2Fwp%2Fv2%2Ftags&post=53076"}],"curies":[{"name":"wp","href":"https:\/\/api.w.org\/{rel}","templated":true}]}}