{"id":53073,"date":"2025-09-06T15:15:05","date_gmt":"2025-09-06T12:15:05","guid":{"rendered":"https:\/\/www.egemtv.com\/?p=53073"},"modified":"2025-09-06T15:15:06","modified_gmt":"2025-09-06T12:15:06","slug":"bodrum-orman-yanginina-yogun-mudahale","status":"publish","type":"post","link":"https:\/\/www.egemtv.com\/?p=53073","title":{"rendered":"Bodrum orman yang\u0131n\u0131na yo\u011fun m\u00fcdahale"},"content":{"rendered":"<p>Mu\u011fla\u2019n\u0131n Bodrum il\u00e7esinde \u00e7\u0131kan orman yang\u0131n\u0131na ekiplerin havadan ve karadan m\u00fcdahalesi devam ediyor.<\/p>\n<p>Yang\u0131n G\u00fcvercinlik Mahallesi\u2019ndeki ormanl\u0131k alanda \u00e7\u0131kt\u0131. Edinilen bilgiye g\u00f6re, b\u00f6lgedeki trafodan \u00e7\u0131kan yang\u0131n ormanl\u0131k alana s\u0131\u00e7rad\u0131. R\u00fczgar\u0131n da etkisiyle geni\u015f bir alana yay\u0131lan alevleri s\u00f6nd\u00fcrmek i\u00e7in b\u00f6lgeye Mu\u011fla Orman B\u00f6lge M\u00fcd\u00fcrl\u00fc\u011f\u00fc yang\u0131n s\u00f6nd\u00fcrme ve itfaiye ekipleri sevk edildi. Ekiplerin yang\u0131n\u0131 kontrol alt\u0131na almak i\u00e7in havadan ve karadan yo\u011fun m\u00fcdahalesi devam ediyor. Ekiplerin yo\u011fun m\u00fcdahalesi ile yan\u0131g\u0131n\u0131n yay\u0131\u015f\u0131n\u0131n\u0131n \u00f6nlendi\u011fi \u00f6\u011frenildi.<br \/><\/p>\n","protected":false},"excerpt":{"rendered":"<p>Mu\u011fla\u2019n\u0131n Bodrum il\u00e7esinde \u00e7\u0131kan orman yang\u0131n\u0131na ekiplerin havadan ve karadan m\u00fcdahalesi devam ediyor. Yang\u0131n G\u00fcvercinlik Mahallesi\u2019ndeki ormanl\u0131k alanda \u00e7\u0131kt\u0131. Edinilen bilgiye g\u00f6re, b\u00f6lgedeki trafodan \u00e7\u0131kan yang\u0131n ormanl\u0131k alana s\u0131\u00e7rad\u0131. R\u00fczgar\u0131n da etkisiyle geni\u015f bir alana yay\u0131lan alevleri s\u00f6nd\u00fcrmek i\u00e7in b\u00f6lgeye Mu\u011fla Orman B\u00f6lge M\u00fcd\u00fcrl\u00fc\u011f\u00fc yang\u0131n s\u00f6nd\u00fcrme ve itfaiye ekipleri sevk edildi. Ekiplerin yang\u0131n\u0131 kontrol alt\u0131na&#8230;<\/p>\n","protected":false},"author":1,"featured_media":53074,"comment_status":"open","ping_status":"open","sticky":false,"template":"","format":"standard","meta":{"_crdt_document":"","footnotes":""},"categories":[5],"tags":[],"class_list":["post-53073","post","type-post","status-publish","format-standard","has-post-thumbnail","hentry","category-asayis"],"_links":{"self":[{"href":"https:\/\/www.egemtv.com\/index.php?rest_route=\/wp\/v2\/posts\/53073","targetHints":{"allow":["GET"]}}],"collection":[{"href":"https:\/\/www.egemtv.com\/index.php?rest_route=\/wp\/v2\/posts"}],"about":[{"href":"https:\/\/www.egemtv.com\/index.php?rest_route=\/wp\/v2\/types\/post"}],"author":[{"embeddable":true,"href":"https:\/\/www.egemtv.com\/index.php?rest_route=\/wp\/v2\/users\/1"}],"replies":[{"embeddable":true,"href":"https:\/\/www.egemtv.com\/index.php?rest_route=%2Fwp%2Fv2%2Fcomments&post=53073"}],"version-history":[{"count":1,"href":"https:\/\/www.egemtv.com\/index.php?rest_route=\/wp\/v2\/posts\/53073\/revisions"}],"predecessor-version":[{"id":53075,"href":"https:\/\/www.egemtv.com\/index.php?rest_route=\/wp\/v2\/posts\/53073\/revisions\/53075"}],"wp:featuredmedia":[{"embeddable":true,"href":"https:\/\/www.egemtv.com\/index.php?rest_route=\/wp\/v2\/media\/53074"}],"wp:attachment":[{"href":"https:\/\/www.egemtv.com\/index.php?rest_route=%2Fwp%2Fv2%2Fmedia&parent=53073"}],"wp:term":[{"taxonomy":"category","embeddable":true,"href":"https:\/\/www.egemtv.com\/index.php?rest_route=%2Fwp%2Fv2%2Fcategories&post=53073"},{"taxonomy":"post_tag","embeddable":true,"href":"https:\/\/www.egemtv.com\/index.php?rest_route=%2Fwp%2Fv2%2Ftags&post=53073"}],"curies":[{"name":"wp","href":"https:\/\/api.w.org\/{rel}","templated":true}]}}