{"id":53070,"date":"2025-09-06T15:15:04","date_gmt":"2025-09-06T12:15:04","guid":{"rendered":"https:\/\/www.egemtv.com\/?p=53070"},"modified":"2025-09-06T15:15:05","modified_gmt":"2025-09-06T12:15:05","slug":"bakan-goktas-turkiye-her-alanda-reformlara-imza-atti","status":"publish","type":"post","link":"https:\/\/www.egemtv.com\/?p=53070","title":{"rendered":"Bakan G\u00f6kta\u015f: &#8220;T\u00fcrkiye, her alanda reformlara imza att\u0131&#8221;"},"content":{"rendered":"<p>Manisa\u2019da \u2019AK Parti T\u00fcrkiye Y\u00fczy\u0131l\u0131 Bulu\u015fmalar\u0131\u2019na kat\u0131lan Aile ve Sosyal Hizmetler Bakan\u0131 Mahinur \u00d6zdemir G\u00f6kta\u015f, &#8220;AK parti d\u00f6neminde, savunma sanayisinden sa\u011fl\u0131k hizmetlerine, teknoloji yat\u0131r\u0131mlar\u0131ndan d\u0131\u015f politikaya kadar T\u00fcrkiye\u2019nin \u00e7ehresini de\u011fi\u015ftirecek ad\u0131mlar at\u0131ld\u0131. Eser ve hizmet siyasetimizle vatanda\u015f\u0131m\u0131z\u0131n hayat\u0131na dokunan, devletimizi daha da g\u00fc\u00e7lendiren ad\u0131mlar atmay\u0131 s\u00fcrd\u00fcrece\u011fiz&#8221; dedi.<br \/>\n<br \/>AK Parti T\u00fcrkiye Y\u00fczy\u0131l\u0131 Bulu\u015fmalar\u0131 Manisa\u2019da devam etti. Yunusemre il\u00e7esindeki bir otelde ger\u00e7ekle\u015ftirilen bulu\u015fmaya Aile ve Sosyal Hizmetler Bakan\u0131 Mahinur \u00d6zdemir G\u00f6kta\u015f, AK Parti Genel Ba\u015fkan Vekili Yard\u0131mc\u0131s\u0131 Ay\u015fe Nevin Sert, AK Parti MKYK \u00fcyesi ve Manisa Milletvekili M\u00fccahit Ar\u0131n\u00e7, AK Parti Manisa Milletvekilleri Murat Baybatur, Tamer Akkal, AK Parti Manisa \u0130l Ba\u015fkan\u0131 S\u00fcleyman Turgut, \u00e7evre illerin milletvekilleri ve \u00e7ok say\u0131da partili kat\u0131ld\u0131.<br \/>\n<br \/>Program\u0131n a\u00e7\u0131l\u0131\u015f konu\u015fmas\u0131n\u0131 yapan AK Parti Manisa \u0130l Ba\u015fkan\u0131 S\u00fcleyman Turgut, Manisa\u2019da 50 milyar TL de\u011ferinde yat\u0131r\u0131mlar\u0131n devam etti\u011fini belirterek, &#8220;Bunlar\u0131 yaparken Manisa\u2019y\u0131 gelece\u011fe haz\u0131rlamak i\u00e7in bir\u00e7ok projeyi haz\u0131rl\u0131yoruz. Bunlar\u0131 yaparken en b\u00fcy\u00fck deste\u011fi Allah ona uzun \u00f6m\u00fcrler versin Cumhurba\u015fkan\u0131m\u0131z Recep Tayyip Erdo\u011fan taraf\u0131ndan g\u00f6r\u00fcyoruz&#8221; dedi.<br \/>\n<br \/>AK Parti MKYK \u00dcyesi ve Manisa Milletvekili M\u00fccahit Ar\u0131n\u00e7 ise toplant\u0131ya kat\u0131lan herkese te\u015fekk\u00fcr etti.<br \/>\n<br \/>Toplant\u0131da bir konu\u015fma yapan Bakan G\u00f6kta\u015f, &#8220;AK Parti kuruldu\u011fu ilk g\u00fcnden bug\u00fcne milletin umudu oldu. Her alanda tarihi reformlara imza att\u0131. Savunma sanayisinden sa\u011fl\u0131k hizmetlerine, teknoloji yat\u0131r\u0131mlar\u0131ndan d\u0131\u015f politikaya kadar T\u00fcrkiye\u2019nin \u00e7ehresini de\u011fi\u015ftirecek ad\u0131mlar att\u0131. Bu ad\u0131mlardan en \u00f6nemlisi nedir biliyor musunuz? Az \u00f6nce de ba\u015fkan\u0131m\u0131z\u0131n da ifade etti\u011fi gibi sosyal politikalar alan\u0131nda yap\u0131lan ad\u0131mlard\u0131r. Sosyal politikalar her zaman bu i\u00e7in bu yolculu\u011fun en \u00f6nemli ayaklar\u0131ndan biri oldu. Kad\u0131n, \u00e7ocuk, engelli, ya\u015fl\u0131, \u015fehit yak\u0131n\u0131 ve gazilerimiz, ihtiya\u00e7 duyan her vatanda\u015f\u0131m\u0131z\u0131n her daim yan\u0131nda olduk, olmaya da devam ediyoruz. Hi\u00e7 kimseyi geride b\u0131rakmama anlay\u0131\u015f\u0131yla her daim ihtiyac\u0131 olan her vatanda\u015f\u0131m\u0131z\u0131n yan\u0131nda olduk. Bunu da yaparken \u00f6zellikle siz de\u011ferli te\u015fkilat mensuplar\u0131m\u0131z\u0131n ger\u00e7ekten gayreti \u00e7ok fazla oldu. Bayram demeden, seyran demeden, gece demeden her daim vatanda\u015f\u0131m\u0131z\u0131n yegane ula\u015fabildi\u011fi yerlerden biri de sizlersiniz. Sizler hi\u00e7bir zaman bu davay\u0131 yaln\u0131z b\u0131rakmas\u0131n\u0131z. Her daim vatanda\u015f\u0131m\u0131z\u0131n yan\u0131nda oldunuz. Allah hepinizden raz\u0131 olsun. Bakanl\u0131k olarak son 23 y\u0131lda Cumhurba\u015fkan\u0131m\u0131z\u0131n \u00f6nderli\u011finde devrim niteli\u011finde yenilikler hayata ge\u00e7irirken sosyal politikalar ve sosyal yard\u0131mlar konusunda da insan odakl\u0131, vatanda\u015f\u0131 merkeze alan bir anlay\u0131\u015fla her daim hareket ettik. Evde bak\u0131m hizmetlerinden engelli haklar\u0131na, kad\u0131n istihdam\u0131na, kad\u0131na \u015fiddeti \u00f6nleyici \u00f6nlemlere kadar, \u00e7ocuklar\u0131n korunmas\u0131na kadar bir\u00e7ok alanda devrim niteli\u011finde projeler hayata ge\u00e7irdik.<\/p>\n<p>Bakanl\u0131\u011f\u0131n Manisa\u2019daki \u00e7al\u0131\u015fmalar\u0131n\u0131 anlatt\u0131<br \/>\n<br \/>Manisa\u2019daki bakanl\u0131\u011f\u0131n \u00e7al\u0131\u015fmalar\u0131ndan bahseden Bakan G\u00f6kta\u015f, &#8220;Bakanl\u0131k olarak Manisa\u2019ya son 23 y\u0131lda desteklerimizle beraber sadece bizim bakanl\u0131\u011f\u0131m\u0131z\u0131 ilgilendiren konularda 18.9 milyar lira yat\u0131r\u0131m ger\u00e7ekle\u015ftirdik. Manisa\u2019da toplam 48 kurulu\u015fumuzla 822 yatak kapasitemizle her bir vatanda\u015f\u0131m\u0131z\u0131n ihtiya\u00e7 duydu\u011fu anda kapsay\u0131c\u0131 ve eri\u015filebilir hizmetler sunuyoruz. 81 ilimizde oldu\u011fu gibi kad\u0131nlar\u0131 g\u00fc\u00e7lendiren \u00e7al\u0131\u015fmalar hayata ge\u00e7iriyoruz. \u0130ki aile destek merkezimizle ailelere destek oluyor. Kad\u0131nlara mesleki alanda beceriler kazand\u0131r\u0131yoruz. 12 kad\u0131n kooperatifiyle kad\u0131nlar\u0131n ekonomik ekonomik bir de\u011fer, gerektirdi\u011fi ekonomik bir de\u011fere d\u00f6n\u00fc\u015fmelerine katk\u0131 sunuyoruz. Bug\u00fcn ayr\u0131ca Manisa\u2019da kad\u0131n hizmetlerimizi detayl\u0131 bir \u015fekilde ele alaca\u011f\u0131m\u0131z bir b\u00f6lgesel toplant\u0131da ger\u00e7ekle\u015ftirece\u011fiz. Di\u011fer yandan engelli vatanda\u015flar\u0131m\u0131z\u0131n, karde\u015flerimizin ve ya\u015fl\u0131lar\u0131m\u0131z\u0131n d\u00fcn oldu\u011fu gibi bug\u00fcn de yar\u0131n da her daim yan\u0131nday\u0131z. 94 ruhuyla Cumhurba\u015fkan\u0131m\u0131z engelli karde\u015flerimizin her daim yan\u0131nda olduk. Bug\u00fcn de ayn\u0131 kararl\u0131l\u0131kla \u00e7e\u015fitlendirdik \u00e7al\u0131\u015fmalar\u0131m\u0131z\u0131 ve bu konuda gerek sosyal hayata kat\u0131l\u0131m\u0131 konusunda gerek aktif kat\u0131l\u0131mlar\u0131 konusunda pek \u00e7ok \u00e7al\u0131\u015fmay\u0131 hayata ge\u00e7irdik. Be\u015f huzurevimizle beraber Manisa\u2019da ya\u015fl\u0131lar\u0131m\u0131z\u0131n yan\u0131nda yer al\u0131yoruz. Engelsiz ya\u015fam merkezlerimizle, engellerimizin her daim yan\u0131nday\u0131z. Bununla beraber ya\u015fl\u0131lar\u0131m\u0131z\u0131n ve engelli karde\u015flerimizin ailelerinin yan\u0131nda ve yak\u0131n \u00e7evrelerinin de ya\u015famalar\u0131na \u00e7ok b\u00fcy\u00fck \u00f6nem sa\u011flayan hizmetlerimiz oldu. Evde bak\u0131m yard\u0131m\u0131. Bak\u0131n bu devrim niteli\u011finde bir hizmettir. Evde bak\u0131m yard\u0131m\u0131yla, evinde ya\u015fl\u0131s\u0131na, engellilerine bakan karde\u015flerimizin, ailelerimizin yan\u0131nday\u0131z ve bu kapsamda Manisa\u2019da sadece bu ay 8 bin 211 ailemize bu deste\u011fi sa\u011fl\u0131yoruz. Bu hizmetimiz i\u00e7in ocak ay\u0131 ilk 2025\u2019ten bug\u00fcne sadece bu y\u0131l ilk 7 ay boyunca Manisa\u2019ya evde bak\u0131m yard\u0131m\u0131na 539 milyon lira kaynak aktard\u0131k. 18 Sosyal yard\u0131mla\u015fma ve dayan\u0131\u015fma vak\u0131flar\u0131m\u0131zla beraber ihtiya\u00e7 duyan her vatanda\u015f\u0131m\u0131z\u0131n yan\u0131nday\u0131z. Sosyal devlet anlay\u0131\u015f\u0131m\u0131z\u0131n en g\u00fc\u00e7l\u00fc \u015fekilde sahaya yans\u0131t\u0131yoruz. Yans\u0131tmaya da devam edece\u011fiz. \u0130n\u015fallah bundan sonra da ayn\u0131 kararl\u0131l\u0131kla hizmetlerimizi s\u00fcrd\u00fcrmeye devam edece\u011fiz. Eser ve hizmet siyasetimizle vatanda\u015f\u0131m\u0131z\u0131n hayat\u0131na dokunan devletimizi daha da g\u00fc\u00e7lendiren ad\u0131mlar atmay\u0131 s\u00fcrd\u00fcrece\u011fiz&#8221; ifadelerini kulland\u0131.<\/p>\n<p>&#8220;Milletimize umut olmaya devam edece\u011fiz&#8221;<br \/>\n<br \/>&#8220;Durmadan, yorulmadan, \u00e7al\u0131\u015farak hizmetlerimizi b\u00fcy\u00fctece\u011fiz&#8221; diyen Bakan G\u00f6kta\u015f, &#8220;Milletimize umut olmaya devam edece\u011fiz. Bunu yaparken de sizlerle beraber yapaca\u011f\u0131z. Te\u015fkilat\u0131m\u0131zla beraber yapaca\u011f\u0131z. Her birinizin bu g\u00fc\u00e7l\u00fc davaya katt\u0131\u011f\u0131 eser ve hizmet siyasetimize sizlerle beraber yol y\u00fcr\u00fcmeye devam ettik\u00e7e in\u015fallah vatanda\u015f\u0131m\u0131z\u0131n umudu olmaya s\u00fcrd\u00fcrece\u011fiz. \u00dclkemize g\u00fc\u00e7 kataca\u011f\u0131z. Biz b\u00fcy\u00fck bir aileyiz. T\u00fcrkiye ailesiyiz ve bu aileyi g\u00fc\u00e7l\u00fc k\u0131lmak hepimizin ortak sorumlulu\u011fudur. Bunun i\u00e7in 2025 y\u0131l\u0131 Say\u0131n Cumhurba\u015fkan\u0131m\u0131z\u0131n tespitleriyle aile y\u0131l\u0131 olarak ilan ettik. Aile y\u0131l\u0131 ile birlikte yediden 70\u2019e T\u00fcrkiye\u2019nin 100. y\u0131l hedefleri do\u011frultusunda her bir vatanda\u015f\u0131m\u0131z\u0131n yan\u0131nda olmay\u0131 s\u00fcrd\u00fcrmeye devam edece\u011fiz. Bunu b\u00fcy\u00fck bir seferberlik ruhuyla yap\u0131yoruz. Aile de\u011ferlerimizi korumak, dayan\u0131\u015fmam\u0131z\u0131 kuvvetlendirmek, milli birlik ve beraberli\u011fimizi korumak ad\u0131na asl\u0131nda \u00e7ok \u00f6nemli bir ad\u0131m. Aile bizim en k\u0131ymetli de\u011ferimiz. Toplumun temel ta\u015f\u0131d\u0131r ve aile g\u00fc\u00e7l\u00fc olduk\u00e7a toplum g\u00fc\u00e7l\u00fc olur. Gelece\u011fi da emin ad\u0131mlarla atar\u0131z. Biz bu kapsamda 52\u2019si Manisa\u2019da olmak \u00fczere olan 9 bin 978 etkinlik ger\u00e7ekle\u015ftirdik. Bu do\u011frultuda evlilik \u00f6ncesi e\u011fitim programlar\u0131ndan aile dan\u0131\u015fma merkezlerine, sosyal desteklerden gen\u00e7lere y\u00f6nelik programlarla \u00e7ok geni\u015f yelpazede \u00e7al\u0131\u015fmalar y\u00fcr\u00fct\u00fcyoruz. Bunun yan\u0131 s\u0131ra aile i\u00e7i geli\u015fimi g\u00fc\u00e7lendirmeye y\u00f6nelik kampanyalar d\u00fczenliyoruz. Aile ve Gen\u00e7lik Fonu biliyorsunuz T\u00fcrkiye\u2019nin 81\u2019imizi yayg\u0131nla\u015ft\u0131rd\u0131k. Evlenmek isteyen gen\u00e7lerimizin her daim yan\u0131nday\u0131z. T\u00fcrkiye\u2019nin yeralt\u0131 zenginliklerini, Cumhurba\u015fkan\u0131m\u0131z\u0131n vizyonu do\u011frultusunda gen\u00e7lerimizin yuva kurmas\u0131na yard\u0131mc\u0131 oluyoruz. Bu kapsamda bug\u00fcn itibariyle 1923 \u00e7ift, Manisal\u0131 gen\u00e7 \u00e7iftimiz de bu deste\u011fimize ba\u015fvurdu. E\u011fitim programlar\u0131na devam ediyor. Bir tak\u0131m gencimiz bu destekten faydaland\u0131. Biz onlar\u0131n yan\u0131nda olmay\u0131 da bu kapsamda s\u00fcrd\u00fcrece\u011fiz. Ailelerin ekonomik ve sosyal y\u00f6nden desteklenmesi i\u00e7in yeni \u00e7al\u0131\u015fmalara da imza at\u0131yoruz. \u0130yile\u015ftirdi\u011fimiz do\u011fum destek program\u0131m\u0131zda bu kapsamda \u00f6zellikle milletvekillerimize \u00e7ok te\u015fekk\u00fcr ediyorum. Onlar\u0131n destekleriyle beraber bu program\u0131 tekrar g\u00fcncelledik. 2015 y\u0131l\u0131nda do\u011fum destek sistemimiz hayata ge\u00e7mi\u015fti. Bu y\u0131l itibariyle do\u011fan her bebe\u011fin, her aileye destek oluyoruz. Bug\u00fcn itibariyle 6 bin 175 Manisa\u2019da olmak \u00fczere 383 bin 691 anneye do\u011fum yard\u0131mlar\u0131m\u0131zdan faydaland\u0131. Ve bu kapsamda 49 milyon 500 bin liral\u0131k Manisa\u2019ya kaynak aktard\u0131k. Bu desteklerimizi biliyorsunuz tek seferlik bir destek de\u011fil. Bu y\u0131l do\u011fan her \u00e7ocu\u011fa biz 5 bin liral\u0131k tek seferlik yard\u0131mda bulunuyoruz. \u0130kinci do\u011fan \u00e7ocu\u011fa her ay 1500 lira annenin hesab\u0131na 5 y\u0131l boyunca kaynak aktar\u0131yoruz. 3. \u00e7ocuk ve sonras\u0131 i\u00e7in 5 bin lira her ay 5 y\u0131l boyunca annenin hesab\u0131na destek sunuyoruz. \u00c7ok bu kapsaml\u0131 vizyona destek \u00e7\u0131kt\u0131\u011f\u0131 i\u00e7in ve her yan\u0131m\u0131zda oldu\u011fu i\u00e7in Say\u0131n Cumhurba\u015fkan\u0131m\u0131z ba\u015fta olmak \u00fczere t\u00fcm te\u015fkilat\u0131m\u0131za \u00e7ok \u00e7ok te\u015fekk\u00fcr ediyorum. \u00c7ocuklar\u0131m\u0131z\u0131n sa\u011fl\u0131kl\u0131 geli\u015fimi, kad\u0131nlar\u0131n \u00fcretime kat\u0131l\u0131m\u0131, ya\u015fl\u0131lar\u0131m\u0131z\u0131n deneyimlerini topluma kazand\u0131r\u0131lmas\u0131 i\u00e7in \u00f6zel programlar uyguluyoruz.&#8221; ifadelerini kulland\u0131.<\/p>\n<p>&#8220;Ailelerimizi g\u00fc\u00e7lendirmeye devam edece\u011fiz&#8221;<br \/>\n<br \/>Aile dostu ekosistemi g\u00fc\u00e7lendirmeye de kararl\u0131 olduklar\u0131n\u0131 vurgulayan Bakan G\u00f6kta\u015f, &#8220;Bu hafta M\u00dcS\u0130AD ile \u00e7ok \u00f6nemli bir protokol imzalad\u0131k. \u0130\u015f ve aile ya\u015fam aras\u0131nda denge kurulmas\u0131na ve aile hayat\u0131n\u0131n sa\u011fl\u0131kl\u0131 geli\u015fimini destekleyen Ge\u00e7iyoruz. M\u00dcS\u0130AD\u2019la birlikte imzaland\u0131\u011f\u0131 protokolle 1.025 firma dahil oldu. Bu \u00e7al\u0131\u015fmada 300 bin \u00e7al\u0131\u015fan do\u011frudan faydalanacak. Ayr\u0131ca d\u00fcn \u00c7evre \u015eehircilik ve \u0130klim De\u011fi\u015fikli\u011fi Bakan\u0131m\u0131z\u0131n \u00e7ok g\u00fczel bir m\u00fcjdesi oldu. Yine Aile Y\u0131l\u0131 kapsam\u0131nda sosyal konut projelerinde gen\u00e7 \u00e7iftlerimizi y\u00fczde 20\u2019ye varan kontenjan ay\u0131rd\u0131. Ayr\u0131ca \u00fc\u00e7 \u00e7ocuklu ailelerimize de ayr\u0131 bir kontenjan ay\u0131rd\u0131. Say\u0131n Cumhurba\u015fkan\u0131m\u0131z ve Say\u0131n Bakan\u0131m\u0131za \u00e7ok \u00e7ok te\u015fekk\u00fcr ediyoruz. Bu ad\u0131m hem aile yap\u0131m\u0131z\u0131 g\u00fc\u00e7lendiren hem de gen\u00e7lerimize gelece\u011fi daha umutla bakmay\u0131 sa\u011flayan \u00e7ok \u00f6nemli bir \u00e7al\u0131\u015fma oldu\u011funu \u00f6zellikle vurgulamak istiyorum. Aileyi merkeze alan t\u00fcm bu \u00e7al\u0131\u015fmalar\u0131m\u0131z\u0131 aile dostu ekosistemimizi g\u00fc\u00e7lendirmeye \u00f6n\u00fcm\u00fczdeki d\u00f6nemde devam etmeye kararl\u0131y\u0131z. Aile ve n\u00fcfus 10 y\u0131l\u0131n\u0131 Say\u0131n Cumhurba\u015fkan\u0131m\u0131z ilan etti. Bu y\u0131l evet aile y\u0131l\u0131. \u00d6n\u00fcm\u00fczdeki d\u00f6nemde de 2026-2035 y\u0131l\u0131nda aile ve n\u00fcfus 10 y\u0131l\u0131 olarak ilan edildi Say\u0131n Cumhurba\u015fkan\u0131m\u0131z taraf\u0131ndan. Biz de bu kapsamda g\u00fc\u00e7l\u00fc nesiller, g\u00fc\u00e7l\u00fc ailede yeti\u015fir, g\u00fc\u00e7l\u00fc toplum, g\u00fc\u00e7l\u00fc T\u00fcrkiye \u015fiar\u0131yla \u00e7\u0131kt\u0131\u011f\u0131m\u0131z bu yolda ailelerimizi g\u00fc\u00e7lendirmeye devam edece\u011fiz. \u00d6n\u00fcm\u00fczdeki 10 y\u0131lda bu bunu yaparken de T\u00fcrkiye\u2019nin gelece\u011fini \u015fekillendiren gen\u00e7, dinamik, \u00fcretken bir n\u00fcfusumuzu korumay\u0131 s\u00fcrd\u00fcrece\u011fiz. El birli\u011fiyle T\u00fcrkiye\u2019yi g\u00fc\u00e7l\u00fc  hale getirece\u011fiz. Bunu da te\u015fkilat\u0131m\u0131zla siz de\u011ferli yol ve dava arkada\u015flar\u0131m\u0131za yapaca\u011f\u0131z. Hep birlikte vatanda\u015flar\u0131m\u0131za, hizmetlerimize ula\u015ft\u0131rmaya devam edece\u011fiz. De\u011ferli karde\u015flerim, bizim hedefimiz hi\u00e7bir zaman sadece ekonomik kalk\u0131nma olmad\u0131. \u0130nsan\u0131 merkeze alan, evlatlar\u0131m\u0131z\u0131n g\u00fcvenle b\u00fcy\u00fcd\u00fc\u011f\u00fc, vatanda\u015flar\u0131m\u0131z\u0131n huzurla ili\u015fti\u011fi bir T\u00fcrkiye in\u015fa etmek i\u00e7in hep beraber gayret ettik ve g\u00fczel \u00e7al\u0131\u015fmalar hayata ge\u00e7irdik&#8221; dedi.<\/p>\n<p>&#8220;Te\u015fkilat\u0131m\u0131z davam\u0131z\u0131n lokomotifidir&#8221;<br \/>\n<br \/>Bug\u00fcn Cumhurba\u015fkan\u0131 Recep Tayyip Erdo\u011fan\u2019\u0131n liderli\u011finde milletin inanc\u0131, devletin kararl\u0131l\u0131\u011f\u0131 ve te\u015fkilatlar\u0131n samimi gayretleriyle ter\u00f6rden uzak g\u00fcvenli bir T\u00fcrkiye in\u015fa edildi\u011fini kaydeden Bakan G\u00f6kta\u015f konu\u015fmas\u0131n\u0131 \u015f\u00f6yle tamamlad\u0131: &#8220;T\u00fcrkiye y\u00fczy\u0131l\u0131 i\u015fte bu ortak gelecek \u00fczerinde y\u00fckselecek ve biz biliyoruz ki bu hedef bu kazan\u0131m te\u015fkilatlar\u0131m\u0131z\u0131n omuz vermesiyle m\u00fcmk\u00fcn olacak. Te\u015fkilat\u0131m\u0131z davam\u0131z\u0131n lokomotifidir. Sizler vatanda\u015f\u0131m\u0131z\u0131n g\u00f6nl\u00fcne dokunuyor. Bu b\u00fcy\u00fck vizyona g\u00fc\u00e7 kat\u0131yorsunuz. T\u00fcrkiye y\u00fczy\u0131l\u0131n\u0131n as\u0131l mimarlar\u0131 sizler Hepimiz \u00fclkemizi daha b\u00fcy\u00fck ideallere ula\u015ft\u0131rmakt\u0131r. Bunun i\u00e7in daha \u00e7ok \u00e7al\u0131\u015faca\u011f\u0131z, daha \u00e7ok \u00fcretece\u011fiz. \u0130\u015fte bug\u00fcn t\u00fcm te\u015fkilat\u0131m\u0131z Manisa\u2019y\u0131 sokak sokak kar\u0131\u015f kar\u0131\u015f in\u015fallah el birli\u011fiyle g\u00fczel \u00e7al\u0131\u015fmalara imza ataca\u011f\u0131z.&#8221;<br \/><\/p>\n","protected":false},"excerpt":{"rendered":"<p>Manisa\u2019da \u2019AK Parti T\u00fcrkiye Y\u00fczy\u0131l\u0131 Bulu\u015fmalar\u0131\u2019na kat\u0131lan Aile ve Sosyal Hizmetler Bakan\u0131 Mahinur \u00d6zdemir G\u00f6kta\u015f, &#8220;AK parti d\u00f6neminde, savunma sanayisinden sa\u011fl\u0131k hizmetlerine, teknoloji yat\u0131r\u0131mlar\u0131ndan d\u0131\u015f politikaya kadar T\u00fcrkiye\u2019nin \u00e7ehresini de\u011fi\u015ftirecek ad\u0131mlar at\u0131ld\u0131. Eser ve hizmet siyasetimizle vatanda\u015f\u0131m\u0131z\u0131n hayat\u0131na dokunan, devletimizi daha da g\u00fc\u00e7lendiren ad\u0131mlar atmay\u0131 s\u00fcrd\u00fcrece\u011fiz&#8221; dedi. AK Parti T\u00fcrkiye Y\u00fczy\u0131l\u0131 Bulu\u015fmalar\u0131 Manisa\u2019da devam etti&#8230;.<\/p>\n","protected":false},"author":1,"featured_media":53071,"comment_status":"open","ping_status":"open","sticky":false,"template":"","format":"standard","meta":{"_crdt_document":"","footnotes":""},"categories":[127],"tags":[],"class_list":["post-53070","post","type-post","status-publish","format-standard","has-post-thumbnail","hentry","category-siyaset"],"_links":{"self":[{"href":"https:\/\/www.egemtv.com\/index.php?rest_route=\/wp\/v2\/posts\/53070","targetHints":{"allow":["GET"]}}],"collection":[{"href":"https:\/\/www.egemtv.com\/index.php?rest_route=\/wp\/v2\/posts"}],"about":[{"href":"https:\/\/www.egemtv.com\/index.php?rest_route=\/wp\/v2\/types\/post"}],"author":[{"embeddable":true,"href":"https:\/\/www.egemtv.com\/index.php?rest_route=\/wp\/v2\/users\/1"}],"replies":[{"embeddable":true,"href":"https:\/\/www.egemtv.com\/index.php?rest_route=%2Fwp%2Fv2%2Fcomments&post=53070"}],"version-history":[{"count":1,"href":"https:\/\/www.egemtv.com\/index.php?rest_route=\/wp\/v2\/posts\/53070\/revisions"}],"predecessor-version":[{"id":53072,"href":"https:\/\/www.egemtv.com\/index.php?rest_route=\/wp\/v2\/posts\/53070\/revisions\/53072"}],"wp:featuredmedia":[{"embeddable":true,"href":"https:\/\/www.egemtv.com\/index.php?rest_route=\/wp\/v2\/media\/53071"}],"wp:attachment":[{"href":"https:\/\/www.egemtv.com\/index.php?rest_route=%2Fwp%2Fv2%2Fmedia&parent=53070"}],"wp:term":[{"taxonomy":"category","embeddable":true,"href":"https:\/\/www.egemtv.com\/index.php?rest_route=%2Fwp%2Fv2%2Fcategories&post=53070"},{"taxonomy":"post_tag","embeddable":true,"href":"https:\/\/www.egemtv.com\/index.php?rest_route=%2Fwp%2Fv2%2Ftags&post=53070"}],"curies":[{"name":"wp","href":"https:\/\/api.w.org\/{rel}","templated":true}]}}