{"id":53067,"date":"2025-09-06T15:15:02","date_gmt":"2025-09-06T12:15:02","guid":{"rendered":"https:\/\/www.egemtv.com\/?p=53067"},"modified":"2025-09-06T15:15:03","modified_gmt":"2025-09-06T12:15:03","slug":"turgutluda-cocuklar-teknoloji-orucu-tuttu-hediyeleri-kazandi","status":"publish","type":"post","link":"https:\/\/www.egemtv.com\/?p=53067","title":{"rendered":"Turgutlu\u2019da \u00e7ocuklar \u2019Teknoloji Orucu\u2019 tuttu, hediyeleri kazand\u0131"},"content":{"rendered":"<p>Manisa\u2019n\u0131n Turgutlu il\u00e7esinde Turgutlu \u0130l\u00e7e Sa\u011fl\u0131k M\u00fcd\u00fcrl\u00fc\u011f\u00fc taraf\u0131ndan &#8220;Dijital D\u00fcnyan\u0131 Y\u00f6net, Hayat\u0131 Ka\u00e7\u0131rma!&#8221; etkinli\u011fi d\u00fczenlendi. Etkinlik kapsam\u0131nda \u00e7ocuklarla &#8220;Teknoloji Orucu S\u00f6zle\u015fmesi&#8221; imzalanarak \u00fc\u00e7 g\u00fcn boyunca teknolojik aletlerden uzak durmay\u0131 ba\u015faranlara \u00e7e\u015fitli hediyeler verildi.<br \/>\n<br \/>Manisa\u2019n\u0131n Turgutlu il\u00e7esinde, 3-9 Eyl\u00fcl Halk Sa\u011fl\u0131\u011f\u0131 Haftas\u0131 kapsam\u0131nda Turgutlu \u0130l\u00e7e Sa\u011fl\u0131k M\u00fcd\u00fcrl\u00fc\u011f\u00fc taraf\u0131ndan &#8220;Dijital D\u00fcnyan\u0131 Y\u00f6net, Hayat\u0131 Ka\u00e7\u0131rma!&#8221; slogan\u0131yla ekrans\u0131z etkinlik at\u00f6lyesi d\u00fczenlendi.<br \/>\n<br \/>Etkinlikte \u00e7ocuklar i\u00e7in masa oyunlar\u0131, boyama \u00e7al\u0131\u015fmalar\u0131 ve y\u00fcz boyama aktiviteleri ger\u00e7ekle\u015ftirildi. Ayr\u0131ca \u00e7ocuklarla &#8220;Teknoloji Orucu S\u00f6zle\u015fmesi&#8221; imzalanarak \u00fc\u00e7 g\u00fcn boyunca teknolojik aletlerden uzak durmay\u0131 ba\u015faranlara \u00e7e\u015fitli hediyeler verildi.<br \/>\n<br \/>D\u00fczenlenen etkinlikle, \u00e7ocuklar\u0131n dijital s\u0131n\u0131rlar\u0131n\u0131 korumalar\u0131, ekran d\u0131\u015f\u0131 rutinler olu\u015fturmalar\u0131 ve hayat\u0131n ger\u00e7ek g\u00fczelliklerini ka\u00e7\u0131rmamalar\u0131 konusunda fark\u0131ndal\u0131k kazanmalar\u0131 hedeflendi.<br \/><\/p>\n","protected":false},"excerpt":{"rendered":"<p>Manisa\u2019n\u0131n Turgutlu il\u00e7esinde Turgutlu \u0130l\u00e7e Sa\u011fl\u0131k M\u00fcd\u00fcrl\u00fc\u011f\u00fc taraf\u0131ndan &#8220;Dijital D\u00fcnyan\u0131 Y\u00f6net, Hayat\u0131 Ka\u00e7\u0131rma!&#8221; etkinli\u011fi d\u00fczenlendi. Etkinlik kapsam\u0131nda \u00e7ocuklarla &#8220;Teknoloji Orucu S\u00f6zle\u015fmesi&#8221; imzalanarak \u00fc\u00e7 g\u00fcn boyunca teknolojik aletlerden uzak durmay\u0131 ba\u015faranlara \u00e7e\u015fitli hediyeler verildi. Manisa\u2019n\u0131n Turgutlu il\u00e7esinde, 3-9 Eyl\u00fcl Halk Sa\u011fl\u0131\u011f\u0131 Haftas\u0131 kapsam\u0131nda Turgutlu \u0130l\u00e7e Sa\u011fl\u0131k M\u00fcd\u00fcrl\u00fc\u011f\u00fc taraf\u0131ndan &#8220;Dijital D\u00fcnyan\u0131 Y\u00f6net, Hayat\u0131 Ka\u00e7\u0131rma!&#8221; slogan\u0131yla ekrans\u0131z etkinlik&#8230;<\/p>\n","protected":false},"author":1,"featured_media":53068,"comment_status":"open","ping_status":"open","sticky":false,"template":"","format":"standard","meta":{"_crdt_document":"","footnotes":""},"categories":[2],"tags":[],"class_list":["post-53067","post","type-post","status-publish","format-standard","has-post-thumbnail","hentry","category-saglik"],"_links":{"self":[{"href":"https:\/\/www.egemtv.com\/index.php?rest_route=\/wp\/v2\/posts\/53067","targetHints":{"allow":["GET"]}}],"collection":[{"href":"https:\/\/www.egemtv.com\/index.php?rest_route=\/wp\/v2\/posts"}],"about":[{"href":"https:\/\/www.egemtv.com\/index.php?rest_route=\/wp\/v2\/types\/post"}],"author":[{"embeddable":true,"href":"https:\/\/www.egemtv.com\/index.php?rest_route=\/wp\/v2\/users\/1"}],"replies":[{"embeddable":true,"href":"https:\/\/www.egemtv.com\/index.php?rest_route=%2Fwp%2Fv2%2Fcomments&post=53067"}],"version-history":[{"count":1,"href":"https:\/\/www.egemtv.com\/index.php?rest_route=\/wp\/v2\/posts\/53067\/revisions"}],"predecessor-version":[{"id":53069,"href":"https:\/\/www.egemtv.com\/index.php?rest_route=\/wp\/v2\/posts\/53067\/revisions\/53069"}],"wp:featuredmedia":[{"embeddable":true,"href":"https:\/\/www.egemtv.com\/index.php?rest_route=\/wp\/v2\/media\/53068"}],"wp:attachment":[{"href":"https:\/\/www.egemtv.com\/index.php?rest_route=%2Fwp%2Fv2%2Fmedia&parent=53067"}],"wp:term":[{"taxonomy":"category","embeddable":true,"href":"https:\/\/www.egemtv.com\/index.php?rest_route=%2Fwp%2Fv2%2Fcategories&post=53067"},{"taxonomy":"post_tag","embeddable":true,"href":"https:\/\/www.egemtv.com\/index.php?rest_route=%2Fwp%2Fv2%2Ftags&post=53067"}],"curies":[{"name":"wp","href":"https:\/\/api.w.org\/{rel}","templated":true}]}}