{"id":53064,"date":"2025-09-06T15:15:01","date_gmt":"2025-09-06T12:15:01","guid":{"rendered":"https:\/\/www.egemtv.com\/?p=53064"},"modified":"2025-09-06T15:15:02","modified_gmt":"2025-09-06T12:15:02","slug":"irem-derici-sokelileri-costurdu","status":"publish","type":"post","link":"https:\/\/www.egemtv.com\/?p=53064","title":{"rendered":"\u0130rem Derici S\u00f6kelileri co\u015fturdu"},"content":{"rendered":"<p>S\u00f6ke\u2019nin d\u00fc\u015fman i\u015fgalinden kurtulu\u015funun 103. y\u0131l d\u00f6n\u00fcm\u00fc kutlama etkinlikleri kapsam\u0131nda \u00fcnl\u00fc sanat\u00e7\u0131 \u0130rem Derici sahne ald\u0131.<br \/>\n<br \/>Novada Outlet Otopark alan\u0131nda yap\u0131lan konsere 7\u2019den 70\u2019e binlerce vatanda\u015f kat\u0131ld\u0131. \u0130ki saati a\u015fan sahne performans\u0131yla dikkat \u00e7eken \u00dcnl\u00fc sanat\u00e7\u0131 \u0130rem Derici sahnede sevilen par\u00e7alar\u0131n\u0131 seslendirdi. Binlerce vatanda\u015f, ellerinde T\u00fcrk bayraklar\u0131yla hem kurtulu\u015fun gururunu ya\u015fad\u0131 hem de co\u015fkuyu doyas\u0131ya payla\u015ft\u0131.<br \/>\n<br \/>Sanat\u00e7\u0131 \u0130rem Derici\u2019ye \u00e7i\u00e7ek ve plaket takdim eden S\u00f6ke Belediye Ba\u015fkan Yard\u0131mc\u0131s\u0131 Ahmet Evin, Belediye Ba\u015fkan\u0131 Dr. Mustafa \u0130berya Ar\u0131kan\u2019\u0131n selamlar\u0131n\u0131 iletti. Evin, &#8220;Bug\u00fcn S\u00f6ke\u2019mizin kurtulu\u015funun 103. y\u0131ld\u00f6n\u00fcm\u00fcnde b\u00fcy\u00fck gurur ya\u015f\u0131yoruz. Ba\u015fta Gazi Mustafa Kemal Atat\u00fcrk olmak \u00fczere t\u00fcm kahramanlar\u0131m\u0131z\u0131 sayg\u0131 ve minnetle an\u0131yoruz&#8221; dedi.<br \/>\n<br \/>Sanat\u00e7\u0131 \u0130rem Derici S\u00f6ke i\u00e7in \u00f6nemli bir g\u00fcnde, kurtulu\u015f co\u015fkusuna katk\u0131da bulunmak \u00fczere S\u00f6ke\u2019de bulunmaktan dolay\u0131 mutlu oldu\u011funu ve gurur duydu\u011funu s\u00f6yledi.<\/p>\n<p>&#8220;Benden b\u00fcy\u00fck nazar \u00e7\u0131kt\u0131&#8221;<br \/>\n<br \/>Ge\u00e7ti\u011fimiz hafta ya\u015fad\u0131\u011f\u0131 talihsiz kazada bayg\u0131nl\u0131k ge\u00e7irerek d\u00fc\u015fen ve ba\u015f\u0131na diki\u015fler at\u0131lan \u00fcnl\u00fc sanat\u00e7\u0131 yeniden sahnelerde olmaktan dolay\u0131 mutlu oldu\u011funu s\u00f6yledi. \u0130l olarak ciddi bir so\u011fuk alg\u0131nl\u0131\u011f\u0131 ard\u0131ndan d\u00fc\u015fmesi sonucu yaraland\u0131\u011f\u0131n\u0131 belirten \u0130rem Derici; &#8220;Benden b\u00fcy\u00fck bir nazar\u0131n art\u0131k \u00e7\u0131kt\u0131\u011f\u0131na inan\u0131yorum&#8221; dedi. Sanat\u00e7\u0131 kaza sonras\u0131 baz\u0131 konserlerini iptal etmi\u015fti, S\u00f6ke konserini heyecanla bekledi\u011fini ifade etti.<br \/><\/p>\n","protected":false},"excerpt":{"rendered":"<p>S\u00f6ke\u2019nin d\u00fc\u015fman i\u015fgalinden kurtulu\u015funun 103. y\u0131l d\u00f6n\u00fcm\u00fc kutlama etkinlikleri kapsam\u0131nda \u00fcnl\u00fc sanat\u00e7\u0131 \u0130rem Derici sahne ald\u0131. Novada Outlet Otopark alan\u0131nda yap\u0131lan konsere 7\u2019den 70\u2019e binlerce vatanda\u015f kat\u0131ld\u0131. \u0130ki saati a\u015fan sahne performans\u0131yla dikkat \u00e7eken \u00dcnl\u00fc sanat\u00e7\u0131 \u0130rem Derici sahnede sevilen par\u00e7alar\u0131n\u0131 seslendirdi. Binlerce vatanda\u015f, ellerinde T\u00fcrk bayraklar\u0131yla hem kurtulu\u015fun gururunu ya\u015fad\u0131 hem de co\u015fkuyu doyas\u0131ya&#8230;<\/p>\n","protected":false},"author":1,"featured_media":53065,"comment_status":"open","ping_status":"open","sticky":false,"template":"","format":"standard","meta":{"_crdt_document":"","footnotes":""},"categories":[1],"tags":[],"class_list":["post-53064","post","type-post","status-publish","format-standard","has-post-thumbnail","hentry","category-guncel"],"_links":{"self":[{"href":"https:\/\/www.egemtv.com\/index.php?rest_route=\/wp\/v2\/posts\/53064","targetHints":{"allow":["GET"]}}],"collection":[{"href":"https:\/\/www.egemtv.com\/index.php?rest_route=\/wp\/v2\/posts"}],"about":[{"href":"https:\/\/www.egemtv.com\/index.php?rest_route=\/wp\/v2\/types\/post"}],"author":[{"embeddable":true,"href":"https:\/\/www.egemtv.com\/index.php?rest_route=\/wp\/v2\/users\/1"}],"replies":[{"embeddable":true,"href":"https:\/\/www.egemtv.com\/index.php?rest_route=%2Fwp%2Fv2%2Fcomments&post=53064"}],"version-history":[{"count":1,"href":"https:\/\/www.egemtv.com\/index.php?rest_route=\/wp\/v2\/posts\/53064\/revisions"}],"predecessor-version":[{"id":53066,"href":"https:\/\/www.egemtv.com\/index.php?rest_route=\/wp\/v2\/posts\/53064\/revisions\/53066"}],"wp:featuredmedia":[{"embeddable":true,"href":"https:\/\/www.egemtv.com\/index.php?rest_route=\/wp\/v2\/media\/53065"}],"wp:attachment":[{"href":"https:\/\/www.egemtv.com\/index.php?rest_route=%2Fwp%2Fv2%2Fmedia&parent=53064"}],"wp:term":[{"taxonomy":"category","embeddable":true,"href":"https:\/\/www.egemtv.com\/index.php?rest_route=%2Fwp%2Fv2%2Fcategories&post=53064"},{"taxonomy":"post_tag","embeddable":true,"href":"https:\/\/www.egemtv.com\/index.php?rest_route=%2Fwp%2Fv2%2Ftags&post=53064"}],"curies":[{"name":"wp","href":"https:\/\/api.w.org\/{rel}","templated":true}]}}