{"id":53061,"date":"2025-09-06T15:15:00","date_gmt":"2025-09-06T12:15:00","guid":{"rendered":"https:\/\/www.egemtv.com\/?p=53061"},"modified":"2025-09-06T15:15:01","modified_gmt":"2025-09-06T12:15:01","slug":"simav-esenbag-koyunde-sel-ve-su-baskinindan-zarar-goren-tarim-alanlari-tespit-edildi","status":"publish","type":"post","link":"https:\/\/www.egemtv.com\/?p=53061","title":{"rendered":"Simav Esenba\u011f K\u00f6y\u00fc\u2019nde sel ve su bask\u0131n\u0131ndan zarar g\u00f6ren tar\u0131m alanlar\u0131 tespit edildi"},"content":{"rendered":"<p>Simav \u0130l\u00e7e Tar\u0131m ve Orman M\u00fcd\u00fcrl\u00fc\u011f\u00fcnce Esenba\u011f K\u00f6y\u00fc\u2019nde d\u00fcn meydana gelen yo\u011fun ya\u011f\u0131\u015f\u0131n ard\u0131ndan sel ve su bask\u0131n\u0131n\u0131n tar\u0131msal alanlarda olu\u015fturdu\u011fu zararlar\u0131n yerinde tespit edildi\u011fi bildirildi.<br \/>\n<br \/>\u0130l\u00e7e Tar\u0131m ve Orman M\u00fcd\u00fcrl\u00fc\u011f\u00fc teknik personelleri 5 Eyl\u00fcl 2025 tarihinde Simav Esenba\u011f K\u00f6y\u00fc\u2019nde meydana gelen yo\u011fun ya\u011f\u0131\u015f\u0131n ard\u0131ndan, olu\u015fan sel ve su bask\u0131n\u0131n\u0131n tar\u0131msal alanlarda olu\u015fturdu\u011fu zararlar\u0131 yerinde tespit ederek tutanak alt\u0131na ald\u0131. \u0130l\u00e7e Tar\u0131m ve Orman M\u00fcd\u00fcrl\u00fc\u011f\u00fc yetkilileri, afet sonras\u0131 \u00fcreticilerin yan\u0131nda olmaya devam ettiklerini belirttiler.<br \/><\/p>\n","protected":false},"excerpt":{"rendered":"<p>Simav \u0130l\u00e7e Tar\u0131m ve Orman M\u00fcd\u00fcrl\u00fc\u011f\u00fcnce Esenba\u011f K\u00f6y\u00fc\u2019nde d\u00fcn meydana gelen yo\u011fun ya\u011f\u0131\u015f\u0131n ard\u0131ndan sel ve su bask\u0131n\u0131n\u0131n tar\u0131msal alanlarda olu\u015fturdu\u011fu zararlar\u0131n yerinde tespit edildi\u011fi bildirildi. \u0130l\u00e7e Tar\u0131m ve Orman M\u00fcd\u00fcrl\u00fc\u011f\u00fc teknik personelleri 5 Eyl\u00fcl 2025 tarihinde Simav Esenba\u011f K\u00f6y\u00fc\u2019nde meydana gelen yo\u011fun ya\u011f\u0131\u015f\u0131n ard\u0131ndan, olu\u015fan sel ve su bask\u0131n\u0131n\u0131n tar\u0131msal alanlarda olu\u015fturdu\u011fu zararlar\u0131 yerinde&#8230;<\/p>\n","protected":false},"author":1,"featured_media":53062,"comment_status":"open","ping_status":"open","sticky":false,"template":"","format":"standard","meta":{"_crdt_document":"","footnotes":""},"categories":[125],"tags":[],"class_list":["post-53061","post","type-post","status-publish","format-standard","has-post-thumbnail","hentry","category-ekonomi"],"_links":{"self":[{"href":"https:\/\/www.egemtv.com\/index.php?rest_route=\/wp\/v2\/posts\/53061","targetHints":{"allow":["GET"]}}],"collection":[{"href":"https:\/\/www.egemtv.com\/index.php?rest_route=\/wp\/v2\/posts"}],"about":[{"href":"https:\/\/www.egemtv.com\/index.php?rest_route=\/wp\/v2\/types\/post"}],"author":[{"embeddable":true,"href":"https:\/\/www.egemtv.com\/index.php?rest_route=\/wp\/v2\/users\/1"}],"replies":[{"embeddable":true,"href":"https:\/\/www.egemtv.com\/index.php?rest_route=%2Fwp%2Fv2%2Fcomments&post=53061"}],"version-history":[{"count":1,"href":"https:\/\/www.egemtv.com\/index.php?rest_route=\/wp\/v2\/posts\/53061\/revisions"}],"predecessor-version":[{"id":53063,"href":"https:\/\/www.egemtv.com\/index.php?rest_route=\/wp\/v2\/posts\/53061\/revisions\/53063"}],"wp:featuredmedia":[{"embeddable":true,"href":"https:\/\/www.egemtv.com\/index.php?rest_route=\/wp\/v2\/media\/53062"}],"wp:attachment":[{"href":"https:\/\/www.egemtv.com\/index.php?rest_route=%2Fwp%2Fv2%2Fmedia&parent=53061"}],"wp:term":[{"taxonomy":"category","embeddable":true,"href":"https:\/\/www.egemtv.com\/index.php?rest_route=%2Fwp%2Fv2%2Fcategories&post=53061"},{"taxonomy":"post_tag","embeddable":true,"href":"https:\/\/www.egemtv.com\/index.php?rest_route=%2Fwp%2Fv2%2Ftags&post=53061"}],"curies":[{"name":"wp","href":"https:\/\/api.w.org\/{rel}","templated":true}]}}