{"id":53058,"date":"2025-09-06T14:54:56","date_gmt":"2025-09-06T11:54:56","guid":{"rendered":"https:\/\/www.egemtv.com\/?p=53058"},"modified":"2025-09-06T14:54:57","modified_gmt":"2025-09-06T11:54:57","slug":"mxgp-siralama-yarislari-basladi","status":"publish","type":"post","link":"https:\/\/www.egemtv.com\/?p=53058","title":{"rendered":"MXGP s\u0131ralama yar\u0131\u015flar\u0131 ba\u015flad\u0131"},"content":{"rendered":"<p>D\u00fcnya Motokros \u015eampiyonas\u0131 MXGP s\u0131ralama yar\u0131\u015flar\u0131 Afyonkarahisar\u2019da start ald\u0131.<br \/>\n<br \/>S\u0131ralama turlar\u0131 24 yar\u0131\u015f\u00e7\u0131n\u0131n kat\u0131l\u0131m\u0131yla ba\u015flad\u0131. Yar\u0131\u015fta sporcular en iyi dereceyi elde ederek yar\u0131n ger\u00e7ekle\u015ftirilecek olan MXGP start s\u0131ralamas\u0131n\u0131 yerini belirleyecek. S\u0131ralama turunun ak\u015fam saatlerine kadar devam etmesi bekleniyor.<br \/><\/p>\n","protected":false},"excerpt":{"rendered":"<p>D\u00fcnya Motokros \u015eampiyonas\u0131 MXGP s\u0131ralama yar\u0131\u015flar\u0131 Afyonkarahisar\u2019da start ald\u0131. S\u0131ralama turlar\u0131 24 yar\u0131\u015f\u00e7\u0131n\u0131n kat\u0131l\u0131m\u0131yla ba\u015flad\u0131. Yar\u0131\u015fta sporcular en iyi dereceyi elde ederek yar\u0131n ger\u00e7ekle\u015ftirilecek olan MXGP start s\u0131ralamas\u0131n\u0131 yerini belirleyecek. S\u0131ralama turunun ak\u015fam saatlerine kadar devam etmesi bekleniyor.<\/p>\n","protected":false},"author":1,"featured_media":53059,"comment_status":"open","ping_status":"open","sticky":false,"template":"","format":"standard","meta":{"_crdt_document":"","footnotes":""},"categories":[4],"tags":[],"class_list":["post-53058","post","type-post","status-publish","format-standard","has-post-thumbnail","hentry","category-spor"],"_links":{"self":[{"href":"https:\/\/www.egemtv.com\/index.php?rest_route=\/wp\/v2\/posts\/53058","targetHints":{"allow":["GET"]}}],"collection":[{"href":"https:\/\/www.egemtv.com\/index.php?rest_route=\/wp\/v2\/posts"}],"about":[{"href":"https:\/\/www.egemtv.com\/index.php?rest_route=\/wp\/v2\/types\/post"}],"author":[{"embeddable":true,"href":"https:\/\/www.egemtv.com\/index.php?rest_route=\/wp\/v2\/users\/1"}],"replies":[{"embeddable":true,"href":"https:\/\/www.egemtv.com\/index.php?rest_route=%2Fwp%2Fv2%2Fcomments&post=53058"}],"version-history":[{"count":1,"href":"https:\/\/www.egemtv.com\/index.php?rest_route=\/wp\/v2\/posts\/53058\/revisions"}],"predecessor-version":[{"id":53060,"href":"https:\/\/www.egemtv.com\/index.php?rest_route=\/wp\/v2\/posts\/53058\/revisions\/53060"}],"wp:featuredmedia":[{"embeddable":true,"href":"https:\/\/www.egemtv.com\/index.php?rest_route=\/wp\/v2\/media\/53059"}],"wp:attachment":[{"href":"https:\/\/www.egemtv.com\/index.php?rest_route=%2Fwp%2Fv2%2Fmedia&parent=53058"}],"wp:term":[{"taxonomy":"category","embeddable":true,"href":"https:\/\/www.egemtv.com\/index.php?rest_route=%2Fwp%2Fv2%2Fcategories&post=53058"},{"taxonomy":"post_tag","embeddable":true,"href":"https:\/\/www.egemtv.com\/index.php?rest_route=%2Fwp%2Fv2%2Ftags&post=53058"}],"curies":[{"name":"wp","href":"https:\/\/api.w.org\/{rel}","templated":true}]}}