{"id":53055,"date":"2025-09-06T14:54:55","date_gmt":"2025-09-06T11:54:55","guid":{"rendered":"https:\/\/www.egemtv.com\/?p=53055"},"modified":"2025-09-06T14:54:56","modified_gmt":"2025-09-06T11:54:56","slug":"ortaligi-savas-alinana-cevirdi-yara-almadan-kurtuldu","status":"publish","type":"post","link":"https:\/\/www.egemtv.com\/?p=53055","title":{"rendered":"Ortal\u0131\u011f\u0131 sava\u015f al\u0131nana \u00e7evirdi, yara almadan kurtuldu"},"content":{"rendered":"<p>Mu\u011fla\u2019n\u0131n Milas il\u00e7esinde, iki araca ve bir apartman duvar\u0131na \u00e7arparak durabilen ara\u00e7 s\u00fcn\u00fcc\u00fcs\u00fc kazay\u0131 hafif s\u0131yr\u0131klarla atlatt\u0131.<br \/>\n<br \/>Kaza Milas \u0130smetpa\u015fa Mahallesi\u2019nde meydana geldi. 34 FD 5962 plakal\u0131 arac\u0131n s\u00fcr\u00fcc\u00fcs\u00fc direksiyon hakimiyetini kaybederek park halindeki iki araca \u00e7arpt\u0131. H\u0131z\u0131n\u0131 alamayan s\u00fcr\u00fcc\u00fc apartman duvar\u0131n\u0131 y\u0131kt\u0131 ve apartman\u0131n zemin kat\u0131ndaki i\u015fyerine \u00e7arparak durabildi.<br \/>\n<br \/>Kaza sonras\u0131 olay yerine sa\u011fl\u0131k. Polis ve itfaiye ekipleri sevk edildi. Mu\u011fla B\u00fcy\u00fck\u015fehir Belediyesi Milas \u0130tfaiye Grup Amirli\u011fi ekipleri olay yerinde g\u00fcvenlik \u00f6nlemi al\u0131rken, iki araca \u00e7arparak apartman\u0131n duvar\u0131n\u0131 \u00e7arpmas\u0131 sonras\u0131 durabilen ara\u00e7 s\u00fcr\u00fcc\u00fcs\u00fc kazay\u0131 hafif s\u0131yr\u0131klarla atlatt\u0131.<br \/><\/p>\n","protected":false},"excerpt":{"rendered":"<p>Mu\u011fla\u2019n\u0131n Milas il\u00e7esinde, iki araca ve bir apartman duvar\u0131na \u00e7arparak durabilen ara\u00e7 s\u00fcn\u00fcc\u00fcs\u00fc kazay\u0131 hafif s\u0131yr\u0131klarla atlatt\u0131. Kaza Milas \u0130smetpa\u015fa Mahallesi\u2019nde meydana geldi. 34 FD 5962 plakal\u0131 arac\u0131n s\u00fcr\u00fcc\u00fcs\u00fc direksiyon hakimiyetini kaybederek park halindeki iki araca \u00e7arpt\u0131. H\u0131z\u0131n\u0131 alamayan s\u00fcr\u00fcc\u00fc apartman duvar\u0131n\u0131 y\u0131kt\u0131 ve apartman\u0131n zemin kat\u0131ndaki i\u015fyerine \u00e7arparak durabildi. Kaza sonras\u0131 olay yerine sa\u011fl\u0131k&#8230;.<\/p>\n","protected":false},"author":1,"featured_media":53056,"comment_status":"open","ping_status":"open","sticky":false,"template":"","format":"standard","meta":{"_crdt_document":"","footnotes":""},"categories":[5],"tags":[],"class_list":["post-53055","post","type-post","status-publish","format-standard","has-post-thumbnail","hentry","category-asayis"],"_links":{"self":[{"href":"https:\/\/www.egemtv.com\/index.php?rest_route=\/wp\/v2\/posts\/53055","targetHints":{"allow":["GET"]}}],"collection":[{"href":"https:\/\/www.egemtv.com\/index.php?rest_route=\/wp\/v2\/posts"}],"about":[{"href":"https:\/\/www.egemtv.com\/index.php?rest_route=\/wp\/v2\/types\/post"}],"author":[{"embeddable":true,"href":"https:\/\/www.egemtv.com\/index.php?rest_route=\/wp\/v2\/users\/1"}],"replies":[{"embeddable":true,"href":"https:\/\/www.egemtv.com\/index.php?rest_route=%2Fwp%2Fv2%2Fcomments&post=53055"}],"version-history":[{"count":1,"href":"https:\/\/www.egemtv.com\/index.php?rest_route=\/wp\/v2\/posts\/53055\/revisions"}],"predecessor-version":[{"id":53057,"href":"https:\/\/www.egemtv.com\/index.php?rest_route=\/wp\/v2\/posts\/53055\/revisions\/53057"}],"wp:featuredmedia":[{"embeddable":true,"href":"https:\/\/www.egemtv.com\/index.php?rest_route=\/wp\/v2\/media\/53056"}],"wp:attachment":[{"href":"https:\/\/www.egemtv.com\/index.php?rest_route=%2Fwp%2Fv2%2Fmedia&parent=53055"}],"wp:term":[{"taxonomy":"category","embeddable":true,"href":"https:\/\/www.egemtv.com\/index.php?rest_route=%2Fwp%2Fv2%2Fcategories&post=53055"},{"taxonomy":"post_tag","embeddable":true,"href":"https:\/\/www.egemtv.com\/index.php?rest_route=%2Fwp%2Fv2%2Ftags&post=53055"}],"curies":[{"name":"wp","href":"https:\/\/api.w.org\/{rel}","templated":true}]}}