{"id":53007,"date":"2025-09-06T12:15:51","date_gmt":"2025-09-06T09:15:51","guid":{"rendered":"https:\/\/www.egemtv.com\/?p=53007"},"modified":"2025-09-06T12:15:51","modified_gmt":"2025-09-06T09:15:51","slug":"sokenin-kurtulus-gunu-torenleri-coskulu-gecti","status":"publish","type":"post","link":"https:\/\/www.egemtv.com\/?p=53007","title":{"rendered":"S\u00f6ke\u2019nin Kurtulu\u015f G\u00fcn\u00fc t\u00f6renleri co\u015fkulu ge\u00e7ti"},"content":{"rendered":"<p>6 Eyl\u00fcl S\u00f6ke\u2019nin D\u00fc\u015fman \u0130\u015fgalinden Kurtulu\u015funun 103. Y\u0131ld\u00f6n\u00fcm\u00fc t\u00f6renlerle kutland\u0131. T\u00f6renler Cumhuriyet Meydan\u0131nda Atat\u00fcrk An\u0131t\u0131na \u00e7elenk sunumu ile ba\u015flad\u0131. \u00c7elenk sunumu sonras\u0131nda kutlama program\u0131na ge\u00e7ildi.<\/p>\n<p>T\u00f6rene S\u00f6ke Kaymakam\u0131 Ali Ak\u00e7a, Garnizon Komutan\u0131 Piyade Kurmay Albay Abdulkadir Y\u0131lmaz, S\u00f6ke Belediye Ba\u015fkan\u0131 Dr. Mustafa \u0130berya Ar\u0131kan ve il\u00e7e protokol\u00fc ile \u00e7ok say\u0131da vatanda\u015f kat\u0131ld\u0131. T\u00f6rende g\u00fcn\u00fcn anlam ve \u00f6nemini belirten konu\u015fmay\u0131 S\u00f6ke Belediye Ba\u015fkan\u0131 Dr. Mustafa \u0130berya Ar\u0131kan yapt\u0131. 103 y\u0131l \u00f6nce bug\u00fcn, S\u00f6ke\u2019nin \u00fczerine g\u00fcne\u015fin bir ba\u015fka do\u011fdu\u011funu, o g\u00fcn, halk\u0131n g\u00f6zlerini ba\u015fka bir gururla, bir ba\u015fka huzurla a\u00e7t\u0131\u011f\u0131n\u0131 belirten Ba\u015fkan Ar\u0131kan, 6 Eyl\u00fcl\u2019de Gazi Mustafa Kemal Atat\u00fcrk ve silah arkada\u015flar\u0131n\u0131n, Kurtulu\u015f Sava\u015f\u0131\u2019nda destan yazan nice kahramanlar\u0131n yakt\u0131\u011f\u0131 ba\u011f\u0131ms\u0131zl\u0131k \u0131\u015f\u0131\u011f\u0131n\u0131n y\u00fcrekleri ayd\u0131nlatt\u0131\u011f\u0131n\u0131 s\u00f6yledi.<\/p>\n<p>Ba\u015fkan Ar\u0131kan konu\u015fmas\u0131nda; &#8220;Bizler, yokluk i\u00e7inde destan yazan o b\u00fcy\u00fck neslin torunlar\u0131y\u0131z. Onlar\u0131n fedakarl\u0131klar\u0131yla, bu topraklar vatan oldu, onlar\u0131n cesaretleriyle, bug\u00fcn bu meydanlarda \u00f6zg\u00fcrce toplan\u0131yor, nefes al\u0131yoruz. Dumlup\u0131nar\u2019dan, Kocatepe\u2019den, \u0130zmir\u2019in Karaburnu\u2019ndan, S\u00f6ke Ovas\u0131\u2019na, \u00c7anakkale\u2019den Anadolu\u2019nun d\u00f6rt bir yan\u0131na kadar m\u00fccadele ruhunu ta\u015f\u0131yan Efeler vard\u0131. \u2019Ordular, ilk hedefiniz Akdeniz\u2019dir, ileri!\u2019 diyen Mustafa Kemal\u2019in emriyle hi\u00e7 durmadan ko\u015fan kahramanlar vard\u0131. \u0130\u015fgale kar\u015f\u0131 g\u00f6\u011fs\u00fcn\u00fc siper eden, y\u00fcre\u011finde ba\u011f\u0131ms\u0131zl\u0131k ate\u015fiyle d\u00fc\u015fmana meydan okuyan yi\u011fitler vard\u0131. Poslu Mestan Efe\u2019den G\u00f6k\u00e7en H\u00fcseyin Efe\u2019ye, Y\u00f6r\u00fck Ali Efe\u2019den S\u00f6keli Cafer Efe\u2019ye kadar nice ads\u0131z kahraman, S\u00f6ke\u2019den, Ayd\u0131n\u2019dan, Ege\u2019nin k\u00f6ylerinden, obalar\u0131ndan, da\u011flar\u0131ndan \u00e7\u0131k\u0131p destan yazd\u0131. Onlar\u0131n kahramanl\u0131klar\u0131, bu topraklar\u0131 ba\u011f\u0131ms\u0131zl\u0131\u011fa kavu\u015fturdu. 3 Eyl\u00fcl\u2019de \u00d6demi\u015f, 6 Eyl\u00fcl\u2019de S\u00f6ke, 7 Eyl\u00fcl\u2019de Ayd\u0131n ve 9 Eyl\u00fcl\u2019de \u0130zmir Her biri birer kurtulu\u015f m\u00fcjdesi, her biri Cumhuriyetimizin sonsuzluk \u0131\u015f\u0131\u011f\u0131n\u0131n par\u0131lt\u0131s\u0131d\u0131r. Tarihe \u00f6nc\u00fc \u015fehirlerden biri olarak S\u00f6kemiz, d\u00fcn oldu\u011fu gibi bug\u00fcn de Atat\u00fcrk\u2019\u00fcn ilke ve devrimlerinden, akl\u0131n ve bilimin yolundan asla ayr\u0131lmayacakt\u0131r. Biliyoruz ki, hi\u00e7bir zorlu \u015fart, bu vatan topraklar\u0131na d\u00fc\u015fman \u00e7izmelerinin de\u011fdi\u011fi g\u00fcnlerden daha zorlu de\u011fildir. Bizlere d\u00fc\u015fen g\u00f6rev, \u015fanl\u0131 tarihimizden ald\u0131\u011f\u0131m\u0131z g\u00fc\u00e7 ve ilhamla gelecek nesillerimizi yeti\u015ftirmektir. Ay-Y\u0131ld\u0131zl\u0131 bayra\u011f\u0131m\u0131z\u0131n g\u00f6lgesinde ya\u015famaktan gurur duyanlara, Mustafa Kemal\u2019in izinde durmadan y\u00fcr\u00fcyenlere, s\u0131n\u0131r boylar\u0131nda vatan sevgisiyle n\u00f6bet tutanlara, al\u0131n teriyle bu \u00fclkeye de\u011fer katan herkese selam olsun&#8221; dedi.<\/p>\n<p>S\u00f6ke Anadolu Lisesi \u00f6\u011frencileri \u0130rem \u00d6ktem ve Kaan Yalman\u2019\u0131n \u015fiirlerini okudu\u011fu t\u00f6rende; S\u00f6ke Halk E\u011fitim Merkezi M\u00fcd\u00fcrl\u00fc\u011f\u00fc e\u011fitmeni Murat \u00c7am y\u00f6netiminde S\u00f6ke Kent Konseyi Kad\u0131n Meclisi halk oyunlar\u0131 g\u00f6sterisi ve Tolgahan Tayl\u0131 ile Mert Arslan y\u00f6netiminde \u00dcsk\u00fcp y\u00f6resi halk oyunlar\u0131 ekibinin g\u00f6sterileri b\u00fcy\u00fck be\u011feni toplad\u0131.<br \/><\/p>\n","protected":false},"excerpt":{"rendered":"<p>6 Eyl\u00fcl S\u00f6ke\u2019nin D\u00fc\u015fman \u0130\u015fgalinden Kurtulu\u015funun 103. Y\u0131ld\u00f6n\u00fcm\u00fc t\u00f6renlerle kutland\u0131. T\u00f6renler Cumhuriyet Meydan\u0131nda Atat\u00fcrk An\u0131t\u0131na \u00e7elenk sunumu ile ba\u015flad\u0131. \u00c7elenk sunumu sonras\u0131nda kutlama program\u0131na ge\u00e7ildi. T\u00f6rene S\u00f6ke Kaymakam\u0131 Ali Ak\u00e7a, Garnizon Komutan\u0131 Piyade Kurmay Albay Abdulkadir Y\u0131lmaz, S\u00f6ke Belediye Ba\u015fkan\u0131 Dr. Mustafa \u0130berya Ar\u0131kan ve il\u00e7e protokol\u00fc ile \u00e7ok say\u0131da vatanda\u015f kat\u0131ld\u0131. T\u00f6rende g\u00fcn\u00fcn anlam&#8230;<\/p>\n","protected":false},"author":1,"featured_media":53008,"comment_status":"open","ping_status":"open","sticky":false,"template":"","format":"standard","meta":{"_crdt_document":"","footnotes":""},"categories":[1],"tags":[],"class_list":["post-53007","post","type-post","status-publish","format-standard","has-post-thumbnail","hentry","category-guncel"],"_links":{"self":[{"href":"https:\/\/www.egemtv.com\/index.php?rest_route=\/wp\/v2\/posts\/53007","targetHints":{"allow":["GET"]}}],"collection":[{"href":"https:\/\/www.egemtv.com\/index.php?rest_route=\/wp\/v2\/posts"}],"about":[{"href":"https:\/\/www.egemtv.com\/index.php?rest_route=\/wp\/v2\/types\/post"}],"author":[{"embeddable":true,"href":"https:\/\/www.egemtv.com\/index.php?rest_route=\/wp\/v2\/users\/1"}],"replies":[{"embeddable":true,"href":"https:\/\/www.egemtv.com\/index.php?rest_route=%2Fwp%2Fv2%2Fcomments&post=53007"}],"version-history":[{"count":1,"href":"https:\/\/www.egemtv.com\/index.php?rest_route=\/wp\/v2\/posts\/53007\/revisions"}],"predecessor-version":[{"id":53009,"href":"https:\/\/www.egemtv.com\/index.php?rest_route=\/wp\/v2\/posts\/53007\/revisions\/53009"}],"wp:featuredmedia":[{"embeddable":true,"href":"https:\/\/www.egemtv.com\/index.php?rest_route=\/wp\/v2\/media\/53008"}],"wp:attachment":[{"href":"https:\/\/www.egemtv.com\/index.php?rest_route=%2Fwp%2Fv2%2Fmedia&parent=53007"}],"wp:term":[{"taxonomy":"category","embeddable":true,"href":"https:\/\/www.egemtv.com\/index.php?rest_route=%2Fwp%2Fv2%2Fcategories&post=53007"},{"taxonomy":"post_tag","embeddable":true,"href":"https:\/\/www.egemtv.com\/index.php?rest_route=%2Fwp%2Fv2%2Ftags&post=53007"}],"curies":[{"name":"wp","href":"https:\/\/api.w.org\/{rel}","templated":true}]}}