{"id":53004,"date":"2025-09-06T12:15:50","date_gmt":"2025-09-06T09:15:50","guid":{"rendered":"https:\/\/www.egemtv.com\/?p=53004"},"modified":"2025-09-06T12:15:50","modified_gmt":"2025-09-06T09:15:50","slug":"buyuksehirin-kurtulus-etkinlikleri-sultanhisarlilari-costurdu","status":"publish","type":"post","link":"https:\/\/www.egemtv.com\/?p=53004","title":{"rendered":"B\u00fcy\u00fck\u015fehir\u2019in \u2019kurtulu\u015f etkinlikleri\u2019 Sultanhisarl\u0131lar\u0131 co\u015fturdu"},"content":{"rendered":"<p>Ayd\u0131n B\u00fcy\u00fck\u015fehir Belediyesi\u2019nin Kurtulu\u015f g\u00fcn\u00fc etkinlikleri kapsam\u0131nda Sultanhisar Belediyesi i\u015fbirli\u011fi ile d\u00fczenlenen etkinlikte sahne alan K\u0131ra\u00e7, sevilen \u015fark\u0131lar\u0131yla vatanda\u015flar\u0131 co\u015fturdu.<br \/>\n<br \/>Ayd\u0131n B\u00fcy\u00fck\u015fehir Belediyesi, Ayd\u0131n\u2019\u0131n d\u00fc\u015fman i\u015fgalinden kurtulu\u015funun 103. y\u0131l d\u00f6n\u00fcm\u00fc dolay\u0131s\u0131yla d\u00fczenledi\u011fi etkinlikler Sultanhisar il\u00e7esinde devam etti. Cumhuriyet Meydan\u0131\u2019n\u0131 dolduran binlerce vatanda\u015f, ellerinde T\u00fcrk bayraklar\u0131yla hem kurtulu\u015fun gururunu ya\u015fad\u0131 hem de co\u015fkuyu doyas\u0131ya payla\u015ft\u0131. Sevilen sanat\u00e7\u0131 K\u0131ra\u00e7\u2019\u0131n sahne ald\u0131\u011f\u0131 gecede vatanda\u015flar \u015fark\u0131lara hep bir a\u011f\u0131zdan e\u015flik etti, Sultanhisar\u2019\u0131 kurtulu\u015f co\u015fkusu sard\u0131. Vatanda\u015flar\u0131n yo\u011fun ilgi g\u00f6sterdi\u011fi etkinli\u011fe Sultanhisar Belediye Ba\u015fkan\u0131 Osman Y\u0131ld\u0131r\u0131mkaya ve Yenipazar Belediye Ba\u015fkan\u0131 Malik Ercan da kat\u0131ld\u0131. Ba\u015fkan Y\u0131ld\u0131r\u0131mkaya etkinlikte yapt\u0131\u011f\u0131 konu\u015fmada desteklerinden dolay\u0131 Ayd\u0131n B\u00fcy\u00fck\u015fehir Belediye Ba\u015fkan\u0131 \u00d6zlem \u00c7er\u00e7io\u011flu\u2019na te\u015fekk\u00fcr etti. Kurtulu\u015f etkinlikleri devam edecek. 6 Eyl\u00fcl Cumartesi g\u00fcn\u00fc saat 21.30\u2019da S\u00f6ke Cumhuriyet Meydan\u0131\u2019nda Buray, 7 Eyl\u00fcl Pazar g\u00fcn\u00fc saat 21.30\u2019da ise Efeler Atat\u00fcrk Kent Meydan\u0131\u2019nda Sefo sahne alacak.<br \/><\/p>\n","protected":false},"excerpt":{"rendered":"<p>Ayd\u0131n B\u00fcy\u00fck\u015fehir Belediyesi\u2019nin Kurtulu\u015f g\u00fcn\u00fc etkinlikleri kapsam\u0131nda Sultanhisar Belediyesi i\u015fbirli\u011fi ile d\u00fczenlenen etkinlikte sahne alan K\u0131ra\u00e7, sevilen \u015fark\u0131lar\u0131yla vatanda\u015flar\u0131 co\u015fturdu. Ayd\u0131n B\u00fcy\u00fck\u015fehir Belediyesi, Ayd\u0131n\u2019\u0131n d\u00fc\u015fman i\u015fgalinden kurtulu\u015funun 103. y\u0131l d\u00f6n\u00fcm\u00fc dolay\u0131s\u0131yla d\u00fczenledi\u011fi etkinlikler Sultanhisar il\u00e7esinde devam etti. Cumhuriyet Meydan\u0131\u2019n\u0131 dolduran binlerce vatanda\u015f, ellerinde T\u00fcrk bayraklar\u0131yla hem kurtulu\u015fun gururunu ya\u015fad\u0131 hem de co\u015fkuyu doyas\u0131ya payla\u015ft\u0131. Sevilen&#8230;<\/p>\n","protected":false},"author":1,"featured_media":53005,"comment_status":"open","ping_status":"open","sticky":false,"template":"","format":"standard","meta":{"_crdt_document":"","footnotes":""},"categories":[1],"tags":[],"class_list":["post-53004","post","type-post","status-publish","format-standard","has-post-thumbnail","hentry","category-guncel"],"_links":{"self":[{"href":"https:\/\/www.egemtv.com\/index.php?rest_route=\/wp\/v2\/posts\/53004","targetHints":{"allow":["GET"]}}],"collection":[{"href":"https:\/\/www.egemtv.com\/index.php?rest_route=\/wp\/v2\/posts"}],"about":[{"href":"https:\/\/www.egemtv.com\/index.php?rest_route=\/wp\/v2\/types\/post"}],"author":[{"embeddable":true,"href":"https:\/\/www.egemtv.com\/index.php?rest_route=\/wp\/v2\/users\/1"}],"replies":[{"embeddable":true,"href":"https:\/\/www.egemtv.com\/index.php?rest_route=%2Fwp%2Fv2%2Fcomments&post=53004"}],"version-history":[{"count":1,"href":"https:\/\/www.egemtv.com\/index.php?rest_route=\/wp\/v2\/posts\/53004\/revisions"}],"predecessor-version":[{"id":53006,"href":"https:\/\/www.egemtv.com\/index.php?rest_route=\/wp\/v2\/posts\/53004\/revisions\/53006"}],"wp:featuredmedia":[{"embeddable":true,"href":"https:\/\/www.egemtv.com\/index.php?rest_route=\/wp\/v2\/media\/53005"}],"wp:attachment":[{"href":"https:\/\/www.egemtv.com\/index.php?rest_route=%2Fwp%2Fv2%2Fmedia&parent=53004"}],"wp:term":[{"taxonomy":"category","embeddable":true,"href":"https:\/\/www.egemtv.com\/index.php?rest_route=%2Fwp%2Fv2%2Fcategories&post=53004"},{"taxonomy":"post_tag","embeddable":true,"href":"https:\/\/www.egemtv.com\/index.php?rest_route=%2Fwp%2Fv2%2Ftags&post=53004"}],"curies":[{"name":"wp","href":"https:\/\/api.w.org\/{rel}","templated":true}]}}