{"id":53001,"date":"2025-09-06T11:55:29","date_gmt":"2025-09-06T08:55:29","guid":{"rendered":"https:\/\/www.egemtv.com\/?p=53001"},"modified":"2025-09-06T11:55:30","modified_gmt":"2025-09-06T08:55:30","slug":"izmirde-mustafa-sandal-coskusu","status":"publish","type":"post","link":"https:\/\/www.egemtv.com\/?p=53001","title":{"rendered":"\u0130zmir\u2019de Mustafa Sandal co\u015fkusu"},"content":{"rendered":"<p>\u0130zmir Enternasyonal Fuar\u0131\u2019n\u0131n en \u00e7ok ilgi g\u00f6ren etkinliklerinden \u00c7im Konserleri, T\u00fcrk pop m\u00fczi\u011finin g\u00fc\u00e7l\u00fc ismi Mustafa Sandal\u2019\u0131 a\u011f\u0131rlad\u0131. On binlerce ki\u015fi Sandal\u2019\u0131n \u015fark\u0131lar\u0131n\u0131 hep bir a\u011f\u0131zdan s\u00f6yledi.<br \/>\n<br \/>\u0130zmir Enternasyonal Fuar\u0131 kapsam\u0131nda d\u00fczenlenen \u00c7im Konserleri\u2019nin, 8. g\u00fcn\u00fcnde Mustafa Sandal sahne ald\u0131. Sandal, ge\u00e7mi\u015ften g\u00fcn\u00fcm\u00fcze uzanan repertuvar\u0131yla on binlerce ki\u015fiye unutulmaz bir gece ya\u015fatt\u0131. Sanat\u00e7\u0131, sahneye \u00e7\u0131kt\u0131\u011f\u0131nda yapt\u0131\u011f\u0131 konu\u015fmada, &#8220;\u0130zmir, bu ak\u015fam bamba\u015fka. \u0130zmir\u2019e yak\u0131\u015fan bir kalabal\u0131k bu ak\u015fam. Sizlere zaman t\u00fcneli tad\u0131nda, 90\u2019lar\u0131n en g\u00fczel ve en keyifli y\u0131llar\u0131na g\u00f6t\u00fcrmek istiyorum. Bizim konserimiz hi\u00e7bir konsere benzemez, ger\u00e7ekten \u00e7ok \u00f6zel bir gece ya\u015fayaca\u011f\u0131z. Bizim konserimiz candan, i\u00e7ten, y\u00fcrekten, b\u00fct\u00fcn samimiyetiyle bir konser&#8221; s\u00f6zleriyle dinleyicilere seslendi.<\/p>\n<p>Sevilen \u015fark\u0131lar\u0131n\u0131 seslendirdi<br \/>\n<br \/>&#8220;Aya Benzer&#8221;, &#8220;\u0130syankar&#8221;, &#8220;Beni A\u011flatma&#8221;, &#8220;Araba&#8221; ve &#8220;A\u015fka Y\u00fcrek Gerek&#8221; gibi haf\u0131zalara kaz\u0131nan \u015fark\u0131lar\u0131n\u0131 seslendiren Mustafa Sandal\u2019a, alan\u0131 dolduran kalabal\u0131k hep bir a\u011f\u0131zdan e\u015flik etti. Her ya\u015ftan fuar ziyaret\u00e7isi, konser boyunca b\u00fcy\u00fck co\u015fku ya\u015fad\u0131. Yakla\u015f\u0131k iki saat sahnede kalan Mustafa Sandal, \u0130zmir\u2019in enerjisinden duydu\u011fu memnuniyeti dile getirdi.<\/p>\n<p>Konser serisi devam ediyor<br \/>\n<br \/>K\u00fclt\u00fcrpark\u2019ta d\u00fczenlenen \u00c7im Konserleri, fuar boyunca \u00fcnl\u00fc sanat\u00e7\u0131lar\u0131 a\u011f\u0131rlamaya devam edecek. 6 Eyl\u00fcl\u2019de Selda Ba\u011fcan, 7 Eyl\u00fcl\u2019de Sertab Erener, 8 Eyl\u00fcl\u2019de Duman, sevenleriyle bulu\u015facak. Fuar\u0131n son g\u00fcn\u00fc 9 Eyl\u00fcl\u2019de ise Mor ve \u00d6tesi, \u0130zmir\u2019in kurtulu\u015funun 103. y\u0131l\u0131na yak\u0131\u015f\u0131r bir final yapacak. Konserler saat 21.15\u2019te ba\u015fl\u0131yor.<br \/><\/p>\n","protected":false},"excerpt":{"rendered":"<p>\u0130zmir Enternasyonal Fuar\u0131\u2019n\u0131n en \u00e7ok ilgi g\u00f6ren etkinliklerinden \u00c7im Konserleri, T\u00fcrk pop m\u00fczi\u011finin g\u00fc\u00e7l\u00fc ismi Mustafa Sandal\u2019\u0131 a\u011f\u0131rlad\u0131. On binlerce ki\u015fi Sandal\u2019\u0131n \u015fark\u0131lar\u0131n\u0131 hep bir a\u011f\u0131zdan s\u00f6yledi. \u0130zmir Enternasyonal Fuar\u0131 kapsam\u0131nda d\u00fczenlenen \u00c7im Konserleri\u2019nin, 8. g\u00fcn\u00fcnde Mustafa Sandal sahne ald\u0131. Sandal, ge\u00e7mi\u015ften g\u00fcn\u00fcm\u00fcze uzanan repertuvar\u0131yla on binlerce ki\u015fiye unutulmaz bir gece ya\u015fatt\u0131. Sanat\u00e7\u0131, sahneye \u00e7\u0131kt\u0131\u011f\u0131nda&#8230;<\/p>\n","protected":false},"author":1,"featured_media":53002,"comment_status":"open","ping_status":"open","sticky":false,"template":"","format":"standard","meta":{"_crdt_document":"","footnotes":""},"categories":[1],"tags":[],"class_list":["post-53001","post","type-post","status-publish","format-standard","has-post-thumbnail","hentry","category-guncel"],"_links":{"self":[{"href":"https:\/\/www.egemtv.com\/index.php?rest_route=\/wp\/v2\/posts\/53001","targetHints":{"allow":["GET"]}}],"collection":[{"href":"https:\/\/www.egemtv.com\/index.php?rest_route=\/wp\/v2\/posts"}],"about":[{"href":"https:\/\/www.egemtv.com\/index.php?rest_route=\/wp\/v2\/types\/post"}],"author":[{"embeddable":true,"href":"https:\/\/www.egemtv.com\/index.php?rest_route=\/wp\/v2\/users\/1"}],"replies":[{"embeddable":true,"href":"https:\/\/www.egemtv.com\/index.php?rest_route=%2Fwp%2Fv2%2Fcomments&post=53001"}],"version-history":[{"count":1,"href":"https:\/\/www.egemtv.com\/index.php?rest_route=\/wp\/v2\/posts\/53001\/revisions"}],"predecessor-version":[{"id":53003,"href":"https:\/\/www.egemtv.com\/index.php?rest_route=\/wp\/v2\/posts\/53001\/revisions\/53003"}],"wp:featuredmedia":[{"embeddable":true,"href":"https:\/\/www.egemtv.com\/index.php?rest_route=\/wp\/v2\/media\/53002"}],"wp:attachment":[{"href":"https:\/\/www.egemtv.com\/index.php?rest_route=%2Fwp%2Fv2%2Fmedia&parent=53001"}],"wp:term":[{"taxonomy":"category","embeddable":true,"href":"https:\/\/www.egemtv.com\/index.php?rest_route=%2Fwp%2Fv2%2Fcategories&post=53001"},{"taxonomy":"post_tag","embeddable":true,"href":"https:\/\/www.egemtv.com\/index.php?rest_route=%2Fwp%2Fv2%2Ftags&post=53001"}],"curies":[{"name":"wp","href":"https:\/\/api.w.org\/{rel}","templated":true}]}}