{"id":52998,"date":"2025-09-06T11:55:28","date_gmt":"2025-09-06T08:55:28","guid":{"rendered":"https:\/\/www.egemtv.com\/?p=52998"},"modified":"2025-09-06T11:55:29","modified_gmt":"2025-09-06T08:55:29","slug":"mahmut-nedim-akulke-dunya-motokros-sampiyonasinda-130-sporcu-kiyasiya-yarisacaklar","status":"publish","type":"post","link":"https:\/\/www.egemtv.com\/?p=52998","title":{"rendered":"Mahmut Nedim Ak\u00fclke: &#8220;D\u00fcnya Motokros \u015eampiyonas\u0131\u2019nda 130 sporcu k\u0131yas\u0131ya yar\u0131\u015facaklar&#8221;"},"content":{"rendered":"<p>T\u00fcrkiye Motosiklet Federasyonu (TMF) Asba\u015fkan\u0131 Mahmut Nedim Ak\u00fclke, D\u00fcnya Motokros \u015eampiyonas\u0131\u2019n\u0131n T\u00fcrkiye ile birlikte 25 farkl\u0131 \u00fclkeden 130\u2019a yak\u0131n sporcunun kat\u0131l\u0131m\u0131 ile ba\u015flad\u0131\u011f\u0131n\u0131 kaydederek, yar\u0131\u015flar\u0131n k\u0131yas\u0131ya m\u00fccadele i\u00e7erisinde ge\u00e7ece\u011fini ifade etti.<br \/>\n<br \/>8. D\u00fcnya Motokros \u015eampiyonas\u0131 MXGP T\u00fcrkiye ile e\u015f zamanl\u0131 ba\u015flad\u0131. \u015eampiyona ile ilgili bas\u0131n mensuplar\u0131na a\u00e7\u0131klamalarda bulunan TMF Asba\u015fkan\u0131 Mahmut Nedim Ak\u00fclke, &#8220;D\u00fcnya Motokros \u015eampiyonas\u0131 8. defa Afyonkarahisar\u2019da kap\u0131lar\u0131n\u0131 a\u00e7t\u0131. Sporcular \u00e7ok heyecanl\u0131. Ge\u00e7ti\u011fimiz \u00e7ar\u015famba g\u00fcn\u00fcnden itibaren ba\u015flayan MotoFest ile inan\u0131lmaz bir heyecan ya\u015f\u0131yorlar. Bug\u00fcn de \u0131s\u0131nma ve antrenman turlar\u0131 ile organizasyonumuz devam edecek ve D\u00fcnya Motokros \u015eampiyonas\u0131 ba\u015flayacak. 25 farkl\u0131 \u00fclkeden gelen 120\u2019ye yak\u0131n sporcumuz var. 10\u2019a yak\u0131n milli sporcumuz var ve sporcular\u0131m\u0131z k\u0131yas\u0131ya yar\u0131\u015facak. Organizasyonumuz yar\u0131n b\u00fcy\u00fck bir m\u00fccadeleye ev sahipli\u011fi yapacak. \u015eampiyona 4 farkl\u0131 kategoride ger\u00e7ekle\u015ftirilecek. MXGP 1, MXGP 2, D\u00fcnya Kad\u0131nlar \u015eampiyonas\u0131 ve Avrupa Gen\u00e7ler olmak \u00fczere toplamda 4 farkl\u0131 kategoride k\u0131yas\u0131ya bir m\u00fccadele ger\u00e7ekle\u015ftirilecek. Her sene oldu\u011fu gibi bu y\u0131l da en az bir \u015fampiyonun Afyonkarahisar\u2019da, T\u00fcrkiye\u2019de belirlenmesini istiyoruz&#8221; dedi.<br \/><\/p>\n","protected":false},"excerpt":{"rendered":"<p>T\u00fcrkiye Motosiklet Federasyonu (TMF) Asba\u015fkan\u0131 Mahmut Nedim Ak\u00fclke, D\u00fcnya Motokros \u015eampiyonas\u0131\u2019n\u0131n T\u00fcrkiye ile birlikte 25 farkl\u0131 \u00fclkeden 130\u2019a yak\u0131n sporcunun kat\u0131l\u0131m\u0131 ile ba\u015flad\u0131\u011f\u0131n\u0131 kaydederek, yar\u0131\u015flar\u0131n k\u0131yas\u0131ya m\u00fccadele i\u00e7erisinde ge\u00e7ece\u011fini ifade etti. 8. D\u00fcnya Motokros \u015eampiyonas\u0131 MXGP T\u00fcrkiye ile e\u015f zamanl\u0131 ba\u015flad\u0131. \u015eampiyona ile ilgili bas\u0131n mensuplar\u0131na a\u00e7\u0131klamalarda bulunan TMF Asba\u015fkan\u0131 Mahmut Nedim Ak\u00fclke, &#8220;D\u00fcnya Motokros&#8230;<\/p>\n","protected":false},"author":1,"featured_media":52999,"comment_status":"open","ping_status":"open","sticky":false,"template":"","format":"standard","meta":{"_crdt_document":"","footnotes":""},"categories":[4],"tags":[],"class_list":["post-52998","post","type-post","status-publish","format-standard","has-post-thumbnail","hentry","category-spor"],"_links":{"self":[{"href":"https:\/\/www.egemtv.com\/index.php?rest_route=\/wp\/v2\/posts\/52998","targetHints":{"allow":["GET"]}}],"collection":[{"href":"https:\/\/www.egemtv.com\/index.php?rest_route=\/wp\/v2\/posts"}],"about":[{"href":"https:\/\/www.egemtv.com\/index.php?rest_route=\/wp\/v2\/types\/post"}],"author":[{"embeddable":true,"href":"https:\/\/www.egemtv.com\/index.php?rest_route=\/wp\/v2\/users\/1"}],"replies":[{"embeddable":true,"href":"https:\/\/www.egemtv.com\/index.php?rest_route=%2Fwp%2Fv2%2Fcomments&post=52998"}],"version-history":[{"count":1,"href":"https:\/\/www.egemtv.com\/index.php?rest_route=\/wp\/v2\/posts\/52998\/revisions"}],"predecessor-version":[{"id":53000,"href":"https:\/\/www.egemtv.com\/index.php?rest_route=\/wp\/v2\/posts\/52998\/revisions\/53000"}],"wp:featuredmedia":[{"embeddable":true,"href":"https:\/\/www.egemtv.com\/index.php?rest_route=\/wp\/v2\/media\/52999"}],"wp:attachment":[{"href":"https:\/\/www.egemtv.com\/index.php?rest_route=%2Fwp%2Fv2%2Fmedia&parent=52998"}],"wp:term":[{"taxonomy":"category","embeddable":true,"href":"https:\/\/www.egemtv.com\/index.php?rest_route=%2Fwp%2Fv2%2Fcategories&post=52998"},{"taxonomy":"post_tag","embeddable":true,"href":"https:\/\/www.egemtv.com\/index.php?rest_route=%2Fwp%2Fv2%2Ftags&post=52998"}],"curies":[{"name":"wp","href":"https:\/\/api.w.org\/{rel}","templated":true}]}}