{"id":52995,"date":"2025-09-06T11:55:27","date_gmt":"2025-09-06T08:55:27","guid":{"rendered":"https:\/\/www.egemtv.com\/?p=52995"},"modified":"2025-09-06T11:55:28","modified_gmt":"2025-09-06T08:55:28","slug":"sokede-hava-kuvvetleri-ucaklarinin-gosteri-ucusu-gurur-yasatti","status":"publish","type":"post","link":"https:\/\/www.egemtv.com\/?p=52995","title":{"rendered":"S\u00f6ke\u2019de hava kuvvetleri u\u00e7aklar\u0131n\u0131n g\u00f6steri u\u00e7u\u015fu gurur ya\u015fatt\u0131"},"content":{"rendered":"<p>Ayd\u0131n\u2019\u0131n S\u00f6ke il\u00e7esinde kurtulu\u015f g\u00fcn\u00fc kutlama t\u00f6renlerine Hava Kuvvetleri Komutanl\u0131\u011f\u0131 Muharip U\u00e7ak Ge\u00e7i\u015fi, S\u00f6kelilere b\u00fcy\u00fck gurur ya\u015fatt\u0131.<\/p>\n<p>Cumhuriyet Meydan\u0131nda toplanan halk, il\u00e7e protokol\u00fc ile birlikte u\u00e7aklar\u0131n ge\u00e7i\u015f g\u00f6sterisini izlerken, S\u00f6ke\u2019nin genelinden de izlenebilen ge\u00e7i\u015fi vatanda\u015flar ev ve i\u015fyerlerinden de izledi. U\u00e7aklar\u0131n \u00e7\u0131kard\u0131klar\u0131 ses, ge\u00e7i\u015f s\u0131ras\u0131nda yapt\u0131klar\u0131 manevralar vatanda\u015flardan bol bol alk\u0131\u015f ald\u0131. \u00d6zellikle alanda bulunun \u00e7ocuklar\u0131n heyecanlar\u0131 g\u00f6r\u00fclmeye de\u011ferdi.<br \/><\/p>\n","protected":false},"excerpt":{"rendered":"<p>Ayd\u0131n\u2019\u0131n S\u00f6ke il\u00e7esinde kurtulu\u015f g\u00fcn\u00fc kutlama t\u00f6renlerine Hava Kuvvetleri Komutanl\u0131\u011f\u0131 Muharip U\u00e7ak Ge\u00e7i\u015fi, S\u00f6kelilere b\u00fcy\u00fck gurur ya\u015fatt\u0131. Cumhuriyet Meydan\u0131nda toplanan halk, il\u00e7e protokol\u00fc ile birlikte u\u00e7aklar\u0131n ge\u00e7i\u015f g\u00f6sterisini izlerken, S\u00f6ke\u2019nin genelinden de izlenebilen ge\u00e7i\u015fi vatanda\u015flar ev ve i\u015fyerlerinden de izledi. U\u00e7aklar\u0131n \u00e7\u0131kard\u0131klar\u0131 ses, ge\u00e7i\u015f s\u0131ras\u0131nda yapt\u0131klar\u0131 manevralar vatanda\u015flardan bol bol alk\u0131\u015f ald\u0131. \u00d6zellikle alanda bulunun&#8230;<\/p>\n","protected":false},"author":1,"featured_media":52996,"comment_status":"open","ping_status":"open","sticky":false,"template":"","format":"standard","meta":{"_crdt_document":"","footnotes":""},"categories":[1],"tags":[],"class_list":["post-52995","post","type-post","status-publish","format-standard","has-post-thumbnail","hentry","category-guncel"],"_links":{"self":[{"href":"https:\/\/www.egemtv.com\/index.php?rest_route=\/wp\/v2\/posts\/52995","targetHints":{"allow":["GET"]}}],"collection":[{"href":"https:\/\/www.egemtv.com\/index.php?rest_route=\/wp\/v2\/posts"}],"about":[{"href":"https:\/\/www.egemtv.com\/index.php?rest_route=\/wp\/v2\/types\/post"}],"author":[{"embeddable":true,"href":"https:\/\/www.egemtv.com\/index.php?rest_route=\/wp\/v2\/users\/1"}],"replies":[{"embeddable":true,"href":"https:\/\/www.egemtv.com\/index.php?rest_route=%2Fwp%2Fv2%2Fcomments&post=52995"}],"version-history":[{"count":1,"href":"https:\/\/www.egemtv.com\/index.php?rest_route=\/wp\/v2\/posts\/52995\/revisions"}],"predecessor-version":[{"id":52997,"href":"https:\/\/www.egemtv.com\/index.php?rest_route=\/wp\/v2\/posts\/52995\/revisions\/52997"}],"wp:featuredmedia":[{"embeddable":true,"href":"https:\/\/www.egemtv.com\/index.php?rest_route=\/wp\/v2\/media\/52996"}],"wp:attachment":[{"href":"https:\/\/www.egemtv.com\/index.php?rest_route=%2Fwp%2Fv2%2Fmedia&parent=52995"}],"wp:term":[{"taxonomy":"category","embeddable":true,"href":"https:\/\/www.egemtv.com\/index.php?rest_route=%2Fwp%2Fv2%2Fcategories&post=52995"},{"taxonomy":"post_tag","embeddable":true,"href":"https:\/\/www.egemtv.com\/index.php?rest_route=%2Fwp%2Fv2%2Ftags&post=52995"}],"curies":[{"name":"wp","href":"https:\/\/api.w.org\/{rel}","templated":true}]}}