{"id":52992,"date":"2025-09-06T11:55:26","date_gmt":"2025-09-06T08:55:26","guid":{"rendered":"https:\/\/www.egemtv.com\/?p=52992"},"modified":"2025-09-06T11:55:27","modified_gmt":"2025-09-06T08:55:27","slug":"muglali-gencler-teknofest-2025-finallerinde","status":"publish","type":"post","link":"https:\/\/www.egemtv.com\/?p=52992","title":{"rendered":"Mu\u011flal\u0131 gen\u00e7ler Teknofest 2025 finallerinde"},"content":{"rendered":"<p>Mu\u011fla Gen\u00e7lik ve Spor \u0130l M\u00fcd\u00fcrl\u00fc\u011f\u00fc\u2019ne ba\u011fl\u0131 Mu\u011fla Uluslararas\u0131 Gen\u00e7lik Merkezi Deneyap At\u00f6lyesi \u00f6\u011frencileri, b\u00fcy\u00fck bir ba\u015far\u0131ya imza atarak Teknofest 2025 finallerine kalmay\u0131 ba\u015fard\u0131.<\/p>\n<p>Liseli gen\u00e7lerden olu\u015fan Neutron Technology ekibi, \u015fehirlerdeki park sorununa \u00e7\u00f6z\u00fcm getiren &#8220;biPark&#8221; projesiyle Ak\u0131ll\u0131 Ula\u015f\u0131m Yar\u0131\u015fmas\u0131nda finale y\u00fckseldi. Tak\u0131m \u00fcyeleri Muhammet Efe Olgun, Merve Uzun, Muhammed Yi\u011fit \u00c7ak\u0131r ve Eren Erkal, 17-21 Eyl\u00fcl 2025 tarihlerinde projelerini tan\u0131tacak. Ortaokullu \u00f6\u011frencilerden kurulu Tayfa Tak\u0131m\u0131 ise geli\u015ftirdikleri &#8220;Turizm Ajandam&#8221; adl\u0131 uygulama ile finale kalmay\u0131 ba\u015fard\u0131. Tak\u0131m kaptan\u0131 Tardu \u00c7elik, yaz\u0131l\u0131m geli\u015ftiriciler Arif Cihan \u00d6z ve Faik Efe Karab\u0131\u00e7ak ile ment\u00f6rleri Adem Alizade\u2019nin haz\u0131rlad\u0131\u011f\u0131 uygulama, turistlerin seyahatlerini daha e\u011flenceli, kolay ve h\u0131zl\u0131 \u015fekilde planlamas\u0131n\u0131 sa\u011fl\u0131yor. \u0130lgi alanlar\u0131, hava durumu, trafik yo\u011funlu\u011fu ve ge\u00e7mi\u015f deneyimleri dikkate alarak rota \u00f6nerileri sunan uygulama, yerli ve yabanc\u0131 turistlerin seyahatlerini daha keyifli ve verimli hale getirmeyi ama\u00e7l\u0131yor.<\/p>\n<p>Gen\u00e7ler, hem Mu\u011fla\u2019y\u0131 hem de okullar\u0131n\u0131 gururla temsil ederek Teknofest\u2019te b\u00fcy\u00fck heyecan ya\u015fayacak. Mu\u011fla Gen\u00e7lik ve Spor \u0130l M\u00fcd\u00fcrl\u00fc\u011f\u00fc yapt\u0131\u011f\u0131 a\u00e7\u0131klamada \u015fu ifadelere yer verdi: &#8220;Gen\u00e7lerimizin bilime, teknolojiye ve yenilik\u00e7i d\u00fc\u015f\u00fcnceye olan ilgisi bizlere b\u00fcy\u00fck bir gurur ya\u015fat\u0131yor. Deneyap At\u00f6lyelerimizde yeti\u015fen \u00f6\u011frencilerimizin Teknofest finaline kalmas\u0131, Mu\u011fla\u2019n\u0131n gen\u00e7lik vizyonunun ne kadar g\u00fc\u00e7l\u00fc oldu\u011funun g\u00f6stergesidir. Onlar\u0131n heyecan\u0131na ortak oluyor, ba\u015far\u0131lar\u0131n\u0131n devam\u0131n\u0131 diliyoruz &#8220;ifadesi kullan\u0131ld\u0131.<br \/><\/p>\n","protected":false},"excerpt":{"rendered":"<p>Mu\u011fla Gen\u00e7lik ve Spor \u0130l M\u00fcd\u00fcrl\u00fc\u011f\u00fc\u2019ne ba\u011fl\u0131 Mu\u011fla Uluslararas\u0131 Gen\u00e7lik Merkezi Deneyap At\u00f6lyesi \u00f6\u011frencileri, b\u00fcy\u00fck bir ba\u015far\u0131ya imza atarak Teknofest 2025 finallerine kalmay\u0131 ba\u015fard\u0131. Liseli gen\u00e7lerden olu\u015fan Neutron Technology ekibi, \u015fehirlerdeki park sorununa \u00e7\u00f6z\u00fcm getiren &#8220;biPark&#8221; projesiyle Ak\u0131ll\u0131 Ula\u015f\u0131m Yar\u0131\u015fmas\u0131nda finale y\u00fckseldi. Tak\u0131m \u00fcyeleri Muhammet Efe Olgun, Merve Uzun, Muhammed Yi\u011fit \u00c7ak\u0131r ve Eren Erkal,&#8230;<\/p>\n","protected":false},"author":1,"featured_media":52993,"comment_status":"open","ping_status":"open","sticky":false,"template":"","format":"standard","meta":{"_crdt_document":"","footnotes":""},"categories":[124],"tags":[],"class_list":["post-52992","post","type-post","status-publish","format-standard","has-post-thumbnail","hentry","category-bilim"],"_links":{"self":[{"href":"https:\/\/www.egemtv.com\/index.php?rest_route=\/wp\/v2\/posts\/52992","targetHints":{"allow":["GET"]}}],"collection":[{"href":"https:\/\/www.egemtv.com\/index.php?rest_route=\/wp\/v2\/posts"}],"about":[{"href":"https:\/\/www.egemtv.com\/index.php?rest_route=\/wp\/v2\/types\/post"}],"author":[{"embeddable":true,"href":"https:\/\/www.egemtv.com\/index.php?rest_route=\/wp\/v2\/users\/1"}],"replies":[{"embeddable":true,"href":"https:\/\/www.egemtv.com\/index.php?rest_route=%2Fwp%2Fv2%2Fcomments&post=52992"}],"version-history":[{"count":1,"href":"https:\/\/www.egemtv.com\/index.php?rest_route=\/wp\/v2\/posts\/52992\/revisions"}],"predecessor-version":[{"id":52994,"href":"https:\/\/www.egemtv.com\/index.php?rest_route=\/wp\/v2\/posts\/52992\/revisions\/52994"}],"wp:featuredmedia":[{"embeddable":true,"href":"https:\/\/www.egemtv.com\/index.php?rest_route=\/wp\/v2\/media\/52993"}],"wp:attachment":[{"href":"https:\/\/www.egemtv.com\/index.php?rest_route=%2Fwp%2Fv2%2Fmedia&parent=52992"}],"wp:term":[{"taxonomy":"category","embeddable":true,"href":"https:\/\/www.egemtv.com\/index.php?rest_route=%2Fwp%2Fv2%2Fcategories&post=52992"},{"taxonomy":"post_tag","embeddable":true,"href":"https:\/\/www.egemtv.com\/index.php?rest_route=%2Fwp%2Fv2%2Ftags&post=52992"}],"curies":[{"name":"wp","href":"https:\/\/api.w.org\/{rel}","templated":true}]}}