{"id":52989,"date":"2025-09-06T11:55:25","date_gmt":"2025-09-06T08:55:25","guid":{"rendered":"https:\/\/www.egemtv.com\/?p=52989"},"modified":"2025-09-06T11:55:26","modified_gmt":"2025-09-06T08:55:26","slug":"simavda-kibris-gazisi-ebediyete-ugurlandi","status":"publish","type":"post","link":"https:\/\/www.egemtv.com\/?p=52989","title":{"rendered":"Simav\u2019da K\u0131br\u0131s gazisi ebediyete u\u011furland\u0131"},"content":{"rendered":"<p>K\u00fctahya\u2019n\u0131n Simav il\u00e7esinde hayat\u0131n\u0131 kaybeden K\u0131br\u0131s Gazisi Hidayet Tay, d\u00fczenlenen askeri t\u00f6reninin ard\u0131ndan dualarla topra\u011fa verildi.<br \/>\n<br \/>K\u0131br\u0131s Gazisi Hidayet Tay i\u00e7in il\u00e7eye ba\u011fl\u0131 Sarkatlar K\u00f6y\u00fc\u2019nde askeri t\u00f6ren d\u00fczenlendi. Tay, k\u0131l\u0131nan cenaze namaz\u0131n\u0131n ard\u0131ndan k\u00f6y mezarl\u0131\u011f\u0131na defnedildi.<br \/>\n<br \/>Gazi Tay\u2019\u0131n na\u2019\u015f\u0131na sar\u0131l\u0131 T\u00fcrk Bayra\u011f\u0131, Simav Kaymakam Vekili Alper A\u00e7\u0131kg\u00f6z taraf\u0131ndan ailesine teslim edildi, ard\u0131ndan yak\u0131nlar\u0131na ba\u015fsa\u011fl\u0131\u011f\u0131 dileklerinde bulunuldu.<br \/><\/p>\n","protected":false},"excerpt":{"rendered":"<p>K\u00fctahya\u2019n\u0131n Simav il\u00e7esinde hayat\u0131n\u0131 kaybeden K\u0131br\u0131s Gazisi Hidayet Tay, d\u00fczenlenen askeri t\u00f6reninin ard\u0131ndan dualarla topra\u011fa verildi. K\u0131br\u0131s Gazisi Hidayet Tay i\u00e7in il\u00e7eye ba\u011fl\u0131 Sarkatlar K\u00f6y\u00fc\u2019nde askeri t\u00f6ren d\u00fczenlendi. Tay, k\u0131l\u0131nan cenaze namaz\u0131n\u0131n ard\u0131ndan k\u00f6y mezarl\u0131\u011f\u0131na defnedildi. Gazi Tay\u2019\u0131n na\u2019\u015f\u0131na sar\u0131l\u0131 T\u00fcrk Bayra\u011f\u0131, Simav Kaymakam Vekili Alper A\u00e7\u0131kg\u00f6z taraf\u0131ndan ailesine teslim edildi, ard\u0131ndan yak\u0131nlar\u0131na ba\u015fsa\u011fl\u0131\u011f\u0131 dileklerinde&#8230;<\/p>\n","protected":false},"author":1,"featured_media":52990,"comment_status":"open","ping_status":"open","sticky":false,"template":"","format":"standard","meta":{"_crdt_document":"","footnotes":""},"categories":[123],"tags":[],"class_list":["post-52989","post","type-post","status-publish","format-standard","has-post-thumbnail","hentry","category-gundem"],"_links":{"self":[{"href":"https:\/\/www.egemtv.com\/index.php?rest_route=\/wp\/v2\/posts\/52989","targetHints":{"allow":["GET"]}}],"collection":[{"href":"https:\/\/www.egemtv.com\/index.php?rest_route=\/wp\/v2\/posts"}],"about":[{"href":"https:\/\/www.egemtv.com\/index.php?rest_route=\/wp\/v2\/types\/post"}],"author":[{"embeddable":true,"href":"https:\/\/www.egemtv.com\/index.php?rest_route=\/wp\/v2\/users\/1"}],"replies":[{"embeddable":true,"href":"https:\/\/www.egemtv.com\/index.php?rest_route=%2Fwp%2Fv2%2Fcomments&post=52989"}],"version-history":[{"count":1,"href":"https:\/\/www.egemtv.com\/index.php?rest_route=\/wp\/v2\/posts\/52989\/revisions"}],"predecessor-version":[{"id":52991,"href":"https:\/\/www.egemtv.com\/index.php?rest_route=\/wp\/v2\/posts\/52989\/revisions\/52991"}],"wp:featuredmedia":[{"embeddable":true,"href":"https:\/\/www.egemtv.com\/index.php?rest_route=\/wp\/v2\/media\/52990"}],"wp:attachment":[{"href":"https:\/\/www.egemtv.com\/index.php?rest_route=%2Fwp%2Fv2%2Fmedia&parent=52989"}],"wp:term":[{"taxonomy":"category","embeddable":true,"href":"https:\/\/www.egemtv.com\/index.php?rest_route=%2Fwp%2Fv2%2Fcategories&post=52989"},{"taxonomy":"post_tag","embeddable":true,"href":"https:\/\/www.egemtv.com\/index.php?rest_route=%2Fwp%2Fv2%2Ftags&post=52989"}],"curies":[{"name":"wp","href":"https:\/\/api.w.org\/{rel}","templated":true}]}}