{"id":52986,"date":"2025-09-06T11:55:24","date_gmt":"2025-09-06T08:55:24","guid":{"rendered":"https:\/\/www.egemtv.com\/?p=52986"},"modified":"2025-09-06T11:55:25","modified_gmt":"2025-09-06T08:55:25","slug":"nazillide-otomobil-takla-atti-surucusu-yaralandi","status":"publish","type":"post","link":"https:\/\/www.egemtv.com\/?p=52986","title":{"rendered":"Nazilli\u2019de otomobil takla att\u0131, s\u00fcr\u00fcc\u00fcs\u00fc yaraland\u0131"},"content":{"rendered":"<p>Ayd\u0131n\u2019\u0131n Nazilli il\u00e7esinde seyir halindeki bir otomobil cadde \u00fczerinde takla att\u0131. Kazada s\u00fcr\u00fcc\u00fc yaraland\u0131.<\/p>\n<p>Edinilen bilgiye g\u00f6re olay d\u00fcn gece yar\u0131s\u0131 Y\u0131ld\u0131ztepe Mahallesi Kanalyolu Caddesi \u00fczerinde meydana geldi. Y\u0131ld\u0131ztepe mahalle Muhtarl\u0131\u011f\u0131 \u00f6n\u00fcndeki trafik \u0131\u015f\u0131klar\u0131n\u0131n bulundu\u011fu kav\u015faktan bat\u0131 istikamete hareket halindeki H.A.E. y\u00f6netimindeki 20 UK 991 plakal\u0131 otomobil, caddenin sa\u011f taraf\u0131nda park halinde bulunan 09 AGC 960 plakal\u0131 otomobilin arka teker k\u0131sm\u0131na \u00e7arparak takla att\u0131. Kaza s\u0131ras\u0131nda ters d\u00f6nen otomobilde bulunan s\u00fcr\u00fcc\u00fcy\u00fc olay\u0131 g\u00f6ren vatanda\u015flar ara\u00e7tan \u00e7\u0131kartt\u0131. Olay yerine 112 ekipleri sevk edildi. Yaral\u0131 s\u00fcr\u00fcc\u00fc sa\u011fl\u0131k ekipleri taraf\u0131ndan ilk tedavisinin ard\u0131ndan Nazilli Devlet Hastanesine sevkedildi. Yaral\u0131n\u0131n durumunun iyi oldu\u011fu \u00f6\u011frenildi. Olayla ilgili soru\u015fturma ba\u015flat\u0131ld\u0131.<br \/><\/p>\n","protected":false},"excerpt":{"rendered":"<p>Ayd\u0131n\u2019\u0131n Nazilli il\u00e7esinde seyir halindeki bir otomobil cadde \u00fczerinde takla att\u0131. Kazada s\u00fcr\u00fcc\u00fc yaraland\u0131. Edinilen bilgiye g\u00f6re olay d\u00fcn gece yar\u0131s\u0131 Y\u0131ld\u0131ztepe Mahallesi Kanalyolu Caddesi \u00fczerinde meydana geldi. Y\u0131ld\u0131ztepe mahalle Muhtarl\u0131\u011f\u0131 \u00f6n\u00fcndeki trafik \u0131\u015f\u0131klar\u0131n\u0131n bulundu\u011fu kav\u015faktan bat\u0131 istikamete hareket halindeki H.A.E. y\u00f6netimindeki 20 UK 991 plakal\u0131 otomobil, caddenin sa\u011f taraf\u0131nda park halinde bulunan 09 AGC&#8230;<\/p>\n","protected":false},"author":1,"featured_media":52987,"comment_status":"open","ping_status":"open","sticky":false,"template":"","format":"standard","meta":{"_crdt_document":"","footnotes":""},"categories":[5],"tags":[],"class_list":["post-52986","post","type-post","status-publish","format-standard","has-post-thumbnail","hentry","category-asayis"],"_links":{"self":[{"href":"https:\/\/www.egemtv.com\/index.php?rest_route=\/wp\/v2\/posts\/52986","targetHints":{"allow":["GET"]}}],"collection":[{"href":"https:\/\/www.egemtv.com\/index.php?rest_route=\/wp\/v2\/posts"}],"about":[{"href":"https:\/\/www.egemtv.com\/index.php?rest_route=\/wp\/v2\/types\/post"}],"author":[{"embeddable":true,"href":"https:\/\/www.egemtv.com\/index.php?rest_route=\/wp\/v2\/users\/1"}],"replies":[{"embeddable":true,"href":"https:\/\/www.egemtv.com\/index.php?rest_route=%2Fwp%2Fv2%2Fcomments&post=52986"}],"version-history":[{"count":1,"href":"https:\/\/www.egemtv.com\/index.php?rest_route=\/wp\/v2\/posts\/52986\/revisions"}],"predecessor-version":[{"id":52988,"href":"https:\/\/www.egemtv.com\/index.php?rest_route=\/wp\/v2\/posts\/52986\/revisions\/52988"}],"wp:featuredmedia":[{"embeddable":true,"href":"https:\/\/www.egemtv.com\/index.php?rest_route=\/wp\/v2\/media\/52987"}],"wp:attachment":[{"href":"https:\/\/www.egemtv.com\/index.php?rest_route=%2Fwp%2Fv2%2Fmedia&parent=52986"}],"wp:term":[{"taxonomy":"category","embeddable":true,"href":"https:\/\/www.egemtv.com\/index.php?rest_route=%2Fwp%2Fv2%2Fcategories&post=52986"},{"taxonomy":"post_tag","embeddable":true,"href":"https:\/\/www.egemtv.com\/index.php?rest_route=%2Fwp%2Fv2%2Ftags&post=52986"}],"curies":[{"name":"wp","href":"https:\/\/api.w.org\/{rel}","templated":true}]}}