{"id":52983,"date":"2025-09-06T11:35:51","date_gmt":"2025-09-06T08:35:51","guid":{"rendered":"https:\/\/www.egemtv.com\/?p=52983"},"modified":"2025-09-06T11:35:52","modified_gmt":"2025-09-06T08:35:52","slug":"mentesede-olumlu-trafik-kazasi","status":"publish","type":"post","link":"https:\/\/www.egemtv.com\/?p=52983","title":{"rendered":"Mente\u015fe\u2019de \u00f6l\u00fcml\u00fc trafik kazas\u0131"},"content":{"rendered":"<p>Mu\u011fla\u2019n\u0131n Mente\u015fe il\u00e7esinde sabah saatlerinde meydana gelen trafik kazasnda bir ki\u015fi ya\u015fam\u0131n\u0131 yitirdi.<br \/>\n<br \/>Sabah saatlerinde Mente\u015fe il\u00e7esi Akkaya ile Yerkesik mahalleleri aras\u0131ndaki yolda, 48 V 6487 plakal\u0131 ara\u00e7 seyir halindeki iken, s\u00fcr\u00fcc\u00fcs\u00fcn\u00fcn direksiyon hakimiyetini kaybetmesi sonucu takla att\u0131. Ya\u015fanan kazan\u0131n ard\u0131ndan 112 Acil \u00c7a\u011fr\u0131 Merkezine bilgi verildi. Olay yerine sa\u011fl\u0131k ve jandarma ekipleri sevk edildi. Sa\u011fl\u0131k ekiplerinin yapt\u0131\u011f\u0131 ilk kontrolde, ara\u00e7ta bulunan Osman \u00d6zkaya\u2019n\u0131n olay yerinde hayat\u0131n\u0131 kaybetti\u011fi belirlendi.<br \/>\n<br \/>\u00d6zkaya\u2019n\u0131n cenazesi, savc\u0131l\u0131k incelemesinin ard\u0131ndan otopsi i\u00e7in Yerkesik Adli T\u0131p Kurumu\u2019na kald\u0131r\u0131ld\u0131. Kazan\u0131n kesin nedeni yap\u0131lacak teknik incelemelerin ard\u0131ndan netlik kazanacak.<br \/><\/p>\n","protected":false},"excerpt":{"rendered":"<p>Mu\u011fla\u2019n\u0131n Mente\u015fe il\u00e7esinde sabah saatlerinde meydana gelen trafik kazasnda bir ki\u015fi ya\u015fam\u0131n\u0131 yitirdi. Sabah saatlerinde Mente\u015fe il\u00e7esi Akkaya ile Yerkesik mahalleleri aras\u0131ndaki yolda, 48 V 6487 plakal\u0131 ara\u00e7 seyir halindeki iken, s\u00fcr\u00fcc\u00fcs\u00fcn\u00fcn direksiyon hakimiyetini kaybetmesi sonucu takla att\u0131. Ya\u015fanan kazan\u0131n ard\u0131ndan 112 Acil \u00c7a\u011fr\u0131 Merkezine bilgi verildi. Olay yerine sa\u011fl\u0131k ve jandarma ekipleri sevk edildi&#8230;.<\/p>\n","protected":false},"author":1,"featured_media":52984,"comment_status":"open","ping_status":"open","sticky":false,"template":"","format":"standard","meta":{"_crdt_document":"","footnotes":""},"categories":[5],"tags":[],"class_list":["post-52983","post","type-post","status-publish","format-standard","has-post-thumbnail","hentry","category-asayis"],"_links":{"self":[{"href":"https:\/\/www.egemtv.com\/index.php?rest_route=\/wp\/v2\/posts\/52983","targetHints":{"allow":["GET"]}}],"collection":[{"href":"https:\/\/www.egemtv.com\/index.php?rest_route=\/wp\/v2\/posts"}],"about":[{"href":"https:\/\/www.egemtv.com\/index.php?rest_route=\/wp\/v2\/types\/post"}],"author":[{"embeddable":true,"href":"https:\/\/www.egemtv.com\/index.php?rest_route=\/wp\/v2\/users\/1"}],"replies":[{"embeddable":true,"href":"https:\/\/www.egemtv.com\/index.php?rest_route=%2Fwp%2Fv2%2Fcomments&post=52983"}],"version-history":[{"count":1,"href":"https:\/\/www.egemtv.com\/index.php?rest_route=\/wp\/v2\/posts\/52983\/revisions"}],"predecessor-version":[{"id":52985,"href":"https:\/\/www.egemtv.com\/index.php?rest_route=\/wp\/v2\/posts\/52983\/revisions\/52985"}],"wp:featuredmedia":[{"embeddable":true,"href":"https:\/\/www.egemtv.com\/index.php?rest_route=\/wp\/v2\/media\/52984"}],"wp:attachment":[{"href":"https:\/\/www.egemtv.com\/index.php?rest_route=%2Fwp%2Fv2%2Fmedia&parent=52983"}],"wp:term":[{"taxonomy":"category","embeddable":true,"href":"https:\/\/www.egemtv.com\/index.php?rest_route=%2Fwp%2Fv2%2Fcategories&post=52983"},{"taxonomy":"post_tag","embeddable":true,"href":"https:\/\/www.egemtv.com\/index.php?rest_route=%2Fwp%2Fv2%2Ftags&post=52983"}],"curies":[{"name":"wp","href":"https:\/\/api.w.org\/{rel}","templated":true}]}}