{"id":52977,"date":"2025-09-06T10:55:43","date_gmt":"2025-09-06T07:55:43","guid":{"rendered":"https:\/\/www.egemtv.com\/?p=52977"},"modified":"2025-09-06T10:55:44","modified_gmt":"2025-09-06T07:55:44","slug":"muglada-zabita-haftasi-kapsaminda-kizilaya-kan-bagisi","status":"publish","type":"post","link":"https:\/\/www.egemtv.com\/?p=52977","title":{"rendered":"Mu\u011fla\u2019da Zab\u0131ta Haftas\u0131 kapsam\u0131nda K\u0131z\u0131lay\u2019a kan ba\u011f\u0131\u015f\u0131"},"content":{"rendered":"<p>Mu\u011fla B\u00fcy\u00fck\u015fehir Belediyesi Zab\u0131ta personeli, Zab\u0131ta Haftas\u0131 kapsam\u0131nda anlaml\u0131 bir sosyal sorumluluk etkinli\u011fine imza att\u0131. Zab\u0131ta Te\u015fkilat\u0131\u2019n\u0131n 198. kurulu\u015f y\u0131l d\u00f6n\u00fcm\u00fc kutlamalar\u0131 \u00e7er\u00e7evesinde T\u00fcrk K\u0131z\u0131lay\u0131\u2019na kan ba\u011f\u0131\u015f\u0131nda bulunan zab\u0131talar, bu \u00f6nemli hareketle toplumsal dayan\u0131\u015fmaya ve insan hayat\u0131na verdikleri \u00f6nemi g\u00f6sterdi.<br \/>\n<br \/>D\u00fczenlenen etkinlikte konu\u015fan zab\u0131ta yetkilileri, kan ba\u011f\u0131\u015f\u0131n\u0131n sadece bir kerelik bir eylem de\u011fil, s\u00fcrekli olmas\u0131 gereken bir sorumluluk oldu\u011funu vurgulad\u0131. Kan ba\u011f\u0131\u015f\u0131n\u0131n hayat kurtarma potansiyeline dikkat \u00e7ekilerek t\u00fcm vatanda\u015flara bu konuda duyarl\u0131 olma \u00e7a\u011fr\u0131s\u0131 yap\u0131ld\u0131.<br \/><\/p>\n","protected":false},"excerpt":{"rendered":"<p>Mu\u011fla B\u00fcy\u00fck\u015fehir Belediyesi Zab\u0131ta personeli, Zab\u0131ta Haftas\u0131 kapsam\u0131nda anlaml\u0131 bir sosyal sorumluluk etkinli\u011fine imza att\u0131. Zab\u0131ta Te\u015fkilat\u0131\u2019n\u0131n 198. kurulu\u015f y\u0131l d\u00f6n\u00fcm\u00fc kutlamalar\u0131 \u00e7er\u00e7evesinde T\u00fcrk K\u0131z\u0131lay\u0131\u2019na kan ba\u011f\u0131\u015f\u0131nda bulunan zab\u0131talar, bu \u00f6nemli hareketle toplumsal dayan\u0131\u015fmaya ve insan hayat\u0131na verdikleri \u00f6nemi g\u00f6sterdi. D\u00fczenlenen etkinlikte konu\u015fan zab\u0131ta yetkilileri, kan ba\u011f\u0131\u015f\u0131n\u0131n sadece bir kerelik bir eylem de\u011fil, s\u00fcrekli olmas\u0131&#8230;<\/p>\n","protected":false},"author":1,"featured_media":52978,"comment_status":"open","ping_status":"open","sticky":false,"template":"","format":"standard","meta":{"_crdt_document":"","footnotes":""},"categories":[1],"tags":[],"class_list":["post-52977","post","type-post","status-publish","format-standard","has-post-thumbnail","hentry","category-guncel"],"_links":{"self":[{"href":"https:\/\/www.egemtv.com\/index.php?rest_route=\/wp\/v2\/posts\/52977","targetHints":{"allow":["GET"]}}],"collection":[{"href":"https:\/\/www.egemtv.com\/index.php?rest_route=\/wp\/v2\/posts"}],"about":[{"href":"https:\/\/www.egemtv.com\/index.php?rest_route=\/wp\/v2\/types\/post"}],"author":[{"embeddable":true,"href":"https:\/\/www.egemtv.com\/index.php?rest_route=\/wp\/v2\/users\/1"}],"replies":[{"embeddable":true,"href":"https:\/\/www.egemtv.com\/index.php?rest_route=%2Fwp%2Fv2%2Fcomments&post=52977"}],"version-history":[{"count":1,"href":"https:\/\/www.egemtv.com\/index.php?rest_route=\/wp\/v2\/posts\/52977\/revisions"}],"predecessor-version":[{"id":52979,"href":"https:\/\/www.egemtv.com\/index.php?rest_route=\/wp\/v2\/posts\/52977\/revisions\/52979"}],"wp:featuredmedia":[{"embeddable":true,"href":"https:\/\/www.egemtv.com\/index.php?rest_route=\/wp\/v2\/media\/52978"}],"wp:attachment":[{"href":"https:\/\/www.egemtv.com\/index.php?rest_route=%2Fwp%2Fv2%2Fmedia&parent=52977"}],"wp:term":[{"taxonomy":"category","embeddable":true,"href":"https:\/\/www.egemtv.com\/index.php?rest_route=%2Fwp%2Fv2%2Fcategories&post=52977"},{"taxonomy":"post_tag","embeddable":true,"href":"https:\/\/www.egemtv.com\/index.php?rest_route=%2Fwp%2Fv2%2Ftags&post=52977"}],"curies":[{"name":"wp","href":"https:\/\/api.w.org\/{rel}","templated":true}]}}