{"id":52974,"date":"2025-09-06T10:55:42","date_gmt":"2025-09-06T07:55:42","guid":{"rendered":"https:\/\/www.egemtv.com\/?p=52974"},"modified":"2025-09-06T10:55:43","modified_gmt":"2025-09-06T07:55:43","slug":"atca-mahallesinde-kurtulus-gunu-keskegi-yapildi","status":"publish","type":"post","link":"https:\/\/www.egemtv.com\/?p=52974","title":{"rendered":"At\u00e7a Mahallesi\u2019nde kurtulu\u015f g\u00fcn\u00fc ke\u015fke\u011fi yap\u0131ld\u0131"},"content":{"rendered":"<p>Ayd\u0131n\u2019\u0131n Sultanhisar il\u00e7esine ba\u011fl\u0131 At\u00e7a Mahallesi\u2019nde mahallenin d\u00fc\u015fman i\u015fgalinden kurtulu\u015fu nedeniyle ilk kez ke\u015fkek hayr\u0131 etkinli\u011fi d\u00fczenlendi. Hayra 10 binden fazla vatanda\u015f kat\u0131larak ke\u015fkek alabilmek i\u00e7in uzun kuyruklar olu\u015fturdu.<\/p>\n<p>Sultanhisar il\u00e7esinin en b\u00fcy\u00fck mahallesi olan At\u00e7a Mahallesi Muhtar\u0131 Ali Kele\u015f taraf\u0131ndan d\u00fczenlenen ve At\u00e7a\u2019da bir ilk olan ke\u015fkek hayr\u0131 i\u00e7in yurt i\u00e7inden ve d\u0131\u015f\u0131ndan y\u00fczlerce vatanda\u015f maddi destek verdi. Onlarca kazan ke\u015fkek yan\u0131nda a\u015fure ve tur\u015fu ile vatanda\u015flara ikram edildi. \u015eehitler i\u00e7in dua da edilen hay\u0131r etkinli\u011finde Muhtar Ali Kele\u015f\u2019i il\u00e7e protokol \u00fcyeleri ba\u015fta olmak \u00fczere Ayd\u0131n genelinden \u00e7ok say\u0131da muhtar da destek verdi.<\/p>\n<p>&#8220;At\u00e7al\u0131 halk\u0131m\u0131z\u0131n destekleri ile yapt\u0131k&#8221;<br \/>\n<br \/>At\u00e7a Mahalle Muhtar\u0131 Ali Kele\u015f; &#8220;At\u00e7a Mahalle Muhtarl\u0131\u011f\u0131 5 Eyl\u00fcl At\u00e7a Kurtulu\u015f ve Anma Etkinli\u011fi kapsam\u0131nda d\u00fczenlenen etkinlikler aras\u0131nda yer alan ke\u015fkek hayr\u0131 etkinli\u011fini At\u00e7a\u2019da ya\u015fayanlar ba\u015fta olmak \u00fczere yurt i\u00e7inden ve d\u0131\u015f\u0131ndan maddi destekler sayesinde yapt\u0131k. \u0130lk kez b\u00f6yle bir etkinlik yap\u0131yoruz ve bunu geleneksel hale getirece\u011fiz. Buradaki ortam\u0131 g\u00f6rd\u00fckten sonra mahalle halk\u0131m\u0131z\u0131n birbirine olan ba\u011fl\u0131l\u0131\u011f\u0131na iyice kanaat getirdim. \u0130n\u015fallah bundan sonra da dayan\u0131\u015fma ve kayna\u015fma etkinliklerimiz yine At\u00e7am\u0131z\u0131n d\u00fc\u015fman i\u015fgalinden kurtulu\u015f g\u00fcnlerinde devam edecektir. Eme\u011fi ge\u00e7en ve destek veren herkese \u00e7ok te\u015fekk\u00fcrler. Allah hay\u0131rlar\u0131n\u0131 kabul etsin in\u015fallah&#8221; dedi.<\/p>\n<p>&#8220;Ali Kele\u015f Muhtar\u0131m\u0131za destek olarak geldik&#8221;<br \/>\n<br \/>T\u00fcrkiye Muhtarlar Derne\u011fi Ayd\u0131n \u015eube Ba\u015fkan\u0131 \u015eule \u00c7\u0131vkaro\u011flu, T\u00fcrkiye Muhtarlar Derne\u011fi Ayd\u0131n \u015eube Y\u00f6netimi ve dernek \u00fcyesi \u00e7ok say\u0131da muhtar\u0131n da kat\u0131ld\u0131\u011f\u0131 etkinlikle ilgili yapt\u0131\u011f\u0131 konu\u015fmada, &#8220;T\u00fcrkiye Muhtarlar Derne\u011fi Ayd\u0131n \u015eube Ba\u015fkan\u0131, ayn\u0131 zamanda Ayd\u0131n \u0130l ve \u0130l\u00e7e Muhtarlar Federasyonu Ba\u015fkan\u0131 olarak biz muhtarlar olarak mahalle halk\u0131m\u0131z\u0131n en b\u00fcy\u00fck destek\u00e7ileriyiz. At\u00e7am\u0131z\u0131n 5 Eyl\u00fcl kurtulu\u015f g\u00fcn\u00fcnde Ali Kele\u015f Muhtar\u0131m\u0131za destek olarak geldik. Bizler birlik ve beraberlik i\u00e7erisinde birbirimize destek olmaya devam ediyoruz. Hay\u0131rda eme\u011fi ge\u00e7en herkese te\u015fekk\u00fcr ediyoruz&#8221; dedi.<br \/><\/p>\n","protected":false},"excerpt":{"rendered":"<p>Ayd\u0131n\u2019\u0131n Sultanhisar il\u00e7esine ba\u011fl\u0131 At\u00e7a Mahallesi\u2019nde mahallenin d\u00fc\u015fman i\u015fgalinden kurtulu\u015fu nedeniyle ilk kez ke\u015fkek hayr\u0131 etkinli\u011fi d\u00fczenlendi. Hayra 10 binden fazla vatanda\u015f kat\u0131larak ke\u015fkek alabilmek i\u00e7in uzun kuyruklar olu\u015fturdu. Sultanhisar il\u00e7esinin en b\u00fcy\u00fck mahallesi olan At\u00e7a Mahallesi Muhtar\u0131 Ali Kele\u015f taraf\u0131ndan d\u00fczenlenen ve At\u00e7a\u2019da bir ilk olan ke\u015fkek hayr\u0131 i\u00e7in yurt i\u00e7inden ve d\u0131\u015f\u0131ndan y\u00fczlerce&#8230;<\/p>\n","protected":false},"author":1,"featured_media":52975,"comment_status":"open","ping_status":"open","sticky":false,"template":"","format":"standard","meta":{"_crdt_document":"","footnotes":""},"categories":[1],"tags":[],"class_list":["post-52974","post","type-post","status-publish","format-standard","has-post-thumbnail","hentry","category-guncel"],"_links":{"self":[{"href":"https:\/\/www.egemtv.com\/index.php?rest_route=\/wp\/v2\/posts\/52974","targetHints":{"allow":["GET"]}}],"collection":[{"href":"https:\/\/www.egemtv.com\/index.php?rest_route=\/wp\/v2\/posts"}],"about":[{"href":"https:\/\/www.egemtv.com\/index.php?rest_route=\/wp\/v2\/types\/post"}],"author":[{"embeddable":true,"href":"https:\/\/www.egemtv.com\/index.php?rest_route=\/wp\/v2\/users\/1"}],"replies":[{"embeddable":true,"href":"https:\/\/www.egemtv.com\/index.php?rest_route=%2Fwp%2Fv2%2Fcomments&post=52974"}],"version-history":[{"count":1,"href":"https:\/\/www.egemtv.com\/index.php?rest_route=\/wp\/v2\/posts\/52974\/revisions"}],"predecessor-version":[{"id":52976,"href":"https:\/\/www.egemtv.com\/index.php?rest_route=\/wp\/v2\/posts\/52974\/revisions\/52976"}],"wp:featuredmedia":[{"embeddable":true,"href":"https:\/\/www.egemtv.com\/index.php?rest_route=\/wp\/v2\/media\/52975"}],"wp:attachment":[{"href":"https:\/\/www.egemtv.com\/index.php?rest_route=%2Fwp%2Fv2%2Fmedia&parent=52974"}],"wp:term":[{"taxonomy":"category","embeddable":true,"href":"https:\/\/www.egemtv.com\/index.php?rest_route=%2Fwp%2Fv2%2Fcategories&post=52974"},{"taxonomy":"post_tag","embeddable":true,"href":"https:\/\/www.egemtv.com\/index.php?rest_route=%2Fwp%2Fv2%2Ftags&post=52974"}],"curies":[{"name":"wp","href":"https:\/\/api.w.org\/{rel}","templated":true}]}}