{"id":52971,"date":"2025-09-06T10:55:41","date_gmt":"2025-09-06T07:55:41","guid":{"rendered":"https:\/\/www.egemtv.com\/?p=52971"},"modified":"2025-09-06T10:55:42","modified_gmt":"2025-09-06T07:55:42","slug":"dunya-motokros-sampiyonasi-mxgp-turkiye-ile-es-zamanli-basladi","status":"publish","type":"post","link":"https:\/\/www.egemtv.com\/?p=52971","title":{"rendered":"D\u00fcnya Motokros \u015eampiyonas\u0131, MXGP T\u00fcrkiye ile e\u015f zamanl\u0131 ba\u015flad\u0131"},"content":{"rendered":"<p>MXGP Of T\u00fcrkiye 18. Ayak yar\u0131\u015flar\u0131 sabah erken saatlerde ger\u00e7ekle\u015ftirilen antrenman turlar\u0131 ile ba\u015flad\u0131.<br \/>\n<br \/>8. kez d\u00fczenlenen D\u00fcnya Motokros \u015eampiyonas\u0131 MXGP T\u00fcrkiye ile e\u015f zamanl\u0131 ba\u015flad\u0131. Afyonkarahisar\u2019da ger\u00e7ekle\u015ftirilen organizasyona T\u00fcrkiye ile birlikte d\u00fcnyan\u0131n 25 farkl\u0131 \u00fclkesinden sporcunun kat\u0131l\u0131m\u0131 ile ba\u015flad\u0131. Yar\u0131\u015flar serbest antrenman turlar\u0131 ile ba\u015flarken, resmi m\u00fcsabakalar\u0131n ise \u00f6\u011fle saatlerinde start almas\u0131 bekleniyor.<br \/><\/p>\n","protected":false},"excerpt":{"rendered":"<p>MXGP Of T\u00fcrkiye 18. Ayak yar\u0131\u015flar\u0131 sabah erken saatlerde ger\u00e7ekle\u015ftirilen antrenman turlar\u0131 ile ba\u015flad\u0131. 8. kez d\u00fczenlenen D\u00fcnya Motokros \u015eampiyonas\u0131 MXGP T\u00fcrkiye ile e\u015f zamanl\u0131 ba\u015flad\u0131. Afyonkarahisar\u2019da ger\u00e7ekle\u015ftirilen organizasyona T\u00fcrkiye ile birlikte d\u00fcnyan\u0131n 25 farkl\u0131 \u00fclkesinden sporcunun kat\u0131l\u0131m\u0131 ile ba\u015flad\u0131. Yar\u0131\u015flar serbest antrenman turlar\u0131 ile ba\u015flarken, resmi m\u00fcsabakalar\u0131n ise \u00f6\u011fle saatlerinde start almas\u0131 bekleniyor.<\/p>\n","protected":false},"author":1,"featured_media":52972,"comment_status":"open","ping_status":"open","sticky":false,"template":"","format":"standard","meta":{"_crdt_document":"","footnotes":""},"categories":[4],"tags":[],"class_list":["post-52971","post","type-post","status-publish","format-standard","has-post-thumbnail","hentry","category-spor"],"_links":{"self":[{"href":"https:\/\/www.egemtv.com\/index.php?rest_route=\/wp\/v2\/posts\/52971","targetHints":{"allow":["GET"]}}],"collection":[{"href":"https:\/\/www.egemtv.com\/index.php?rest_route=\/wp\/v2\/posts"}],"about":[{"href":"https:\/\/www.egemtv.com\/index.php?rest_route=\/wp\/v2\/types\/post"}],"author":[{"embeddable":true,"href":"https:\/\/www.egemtv.com\/index.php?rest_route=\/wp\/v2\/users\/1"}],"replies":[{"embeddable":true,"href":"https:\/\/www.egemtv.com\/index.php?rest_route=%2Fwp%2Fv2%2Fcomments&post=52971"}],"version-history":[{"count":1,"href":"https:\/\/www.egemtv.com\/index.php?rest_route=\/wp\/v2\/posts\/52971\/revisions"}],"predecessor-version":[{"id":52973,"href":"https:\/\/www.egemtv.com\/index.php?rest_route=\/wp\/v2\/posts\/52971\/revisions\/52973"}],"wp:featuredmedia":[{"embeddable":true,"href":"https:\/\/www.egemtv.com\/index.php?rest_route=\/wp\/v2\/media\/52972"}],"wp:attachment":[{"href":"https:\/\/www.egemtv.com\/index.php?rest_route=%2Fwp%2Fv2%2Fmedia&parent=52971"}],"wp:term":[{"taxonomy":"category","embeddable":true,"href":"https:\/\/www.egemtv.com\/index.php?rest_route=%2Fwp%2Fv2%2Fcategories&post=52971"},{"taxonomy":"post_tag","embeddable":true,"href":"https:\/\/www.egemtv.com\/index.php?rest_route=%2Fwp%2Fv2%2Ftags&post=52971"}],"curies":[{"name":"wp","href":"https:\/\/api.w.org\/{rel}","templated":true}]}}