{"id":52968,"date":"2025-09-06T10:55:40","date_gmt":"2025-09-06T07:55:40","guid":{"rendered":"https:\/\/www.egemtv.com\/?p=52968"},"modified":"2025-09-06T10:55:41","modified_gmt":"2025-09-06T07:55:41","slug":"koycegiz-kaymakamligi-himayesinde-sunnet-soleni","status":"publish","type":"post","link":"https:\/\/www.egemtv.com\/?p=52968","title":{"rendered":"K\u00f6yce\u011fiz Kaymakaml\u0131\u011f\u0131 himayesinde s\u00fcnnet \u015f\u00f6leni"},"content":{"rendered":"<p>K\u00f6yce\u011fiz Kaymakaml\u0131\u011f\u0131 himayesinde \u2018Gelece\u011fe Sa\u011fl\u0131kl\u0131 Ad\u0131mlar S\u00fcnnet \u015e\u00f6leni\u2019 d\u00fczenlendi. S\u00fcnnet \u015f\u00f6lenine Mu\u011fla Valisi Dr. \u0130dris Akb\u0131y\u0131k, Mu\u011fla Milletvekili Kadem Mete, Mu\u011fla S\u0131tk\u0131 Ko\u00e7man \u00dcniversitesi Rekt\u00f6r\u00fc Prof. Dr. Turhan Ka\u00e7ar, K\u00f6yce\u011fiz Kaymakam\u0131 Mert Kumcu ve K\u00f6yce\u011fiz Belediye Ba\u015fkan\u0131 Ali Erdo\u011fan kat\u0131ld\u0131.<br \/>\n<br \/>K\u00f6yce\u011fiz Kazanc\u0131 mesire alan\u0131nda d\u00fczenlenen t\u00f6rende s\u00fcnnet olan 22 \u00e7ocuk \u00e7e\u015fitli g\u00f6steri ve aktivitelerle doyas\u0131ya e\u011flendi. Cumhurba\u015fkan\u0131 Recep Tayyip Erdo\u011fan taraf\u0131ndan 2025 y\u0131l\u0131n\u0131n \u2018Aile Y\u0131l\u0131\u2019 olarak ilan edildi\u011fini vurgulayan Mu\u011fla Valisi Dr. \u0130dris  Akb\u0131y\u0131k, &#8220;Aile y\u0131l\u0131 kapsam\u0131nda yap\u0131lan bu organizasyonun haz\u0131rlanmas\u0131nda eme\u011fi ge\u00e7enlere te\u015fekk\u00fcr ediyorum. \u0130n\u015fallah evlatlar\u0131m\u0131z\u0131n damatl\u0131klar\u0131n\u0131 g\u00f6rmek de nasip olur&#8221; dedi.<br \/>\n<br \/>S\u00fcnnet etkinli\u011fi, halk oyunlar\u0131 ve mehter tak\u0131m\u0131n\u0131n co\u015fkulu g\u00f6sterisi \u015f\u00f6lene ayr\u0131 bir renk katarken, aileler ve \u00e7ocuklar unutulmaz bir g\u00fcn ya\u015fad\u0131.<br \/><\/p>\n","protected":false},"excerpt":{"rendered":"<p>K\u00f6yce\u011fiz Kaymakaml\u0131\u011f\u0131 himayesinde \u2018Gelece\u011fe Sa\u011fl\u0131kl\u0131 Ad\u0131mlar S\u00fcnnet \u015e\u00f6leni\u2019 d\u00fczenlendi. S\u00fcnnet \u015f\u00f6lenine Mu\u011fla Valisi Dr. \u0130dris Akb\u0131y\u0131k, Mu\u011fla Milletvekili Kadem Mete, Mu\u011fla S\u0131tk\u0131 Ko\u00e7man \u00dcniversitesi Rekt\u00f6r\u00fc Prof. Dr. Turhan Ka\u00e7ar, K\u00f6yce\u011fiz Kaymakam\u0131 Mert Kumcu ve K\u00f6yce\u011fiz Belediye Ba\u015fkan\u0131 Ali Erdo\u011fan kat\u0131ld\u0131. K\u00f6yce\u011fiz Kazanc\u0131 mesire alan\u0131nda d\u00fczenlenen t\u00f6rende s\u00fcnnet olan 22 \u00e7ocuk \u00e7e\u015fitli g\u00f6steri ve aktivitelerle doyas\u0131ya&#8230;<\/p>\n","protected":false},"author":1,"featured_media":52969,"comment_status":"open","ping_status":"open","sticky":false,"template":"","format":"standard","meta":{"_crdt_document":"","footnotes":""},"categories":[123],"tags":[],"class_list":["post-52968","post","type-post","status-publish","format-standard","has-post-thumbnail","hentry","category-gundem"],"_links":{"self":[{"href":"https:\/\/www.egemtv.com\/index.php?rest_route=\/wp\/v2\/posts\/52968","targetHints":{"allow":["GET"]}}],"collection":[{"href":"https:\/\/www.egemtv.com\/index.php?rest_route=\/wp\/v2\/posts"}],"about":[{"href":"https:\/\/www.egemtv.com\/index.php?rest_route=\/wp\/v2\/types\/post"}],"author":[{"embeddable":true,"href":"https:\/\/www.egemtv.com\/index.php?rest_route=\/wp\/v2\/users\/1"}],"replies":[{"embeddable":true,"href":"https:\/\/www.egemtv.com\/index.php?rest_route=%2Fwp%2Fv2%2Fcomments&post=52968"}],"version-history":[{"count":1,"href":"https:\/\/www.egemtv.com\/index.php?rest_route=\/wp\/v2\/posts\/52968\/revisions"}],"predecessor-version":[{"id":52970,"href":"https:\/\/www.egemtv.com\/index.php?rest_route=\/wp\/v2\/posts\/52968\/revisions\/52970"}],"wp:featuredmedia":[{"embeddable":true,"href":"https:\/\/www.egemtv.com\/index.php?rest_route=\/wp\/v2\/media\/52969"}],"wp:attachment":[{"href":"https:\/\/www.egemtv.com\/index.php?rest_route=%2Fwp%2Fv2%2Fmedia&parent=52968"}],"wp:term":[{"taxonomy":"category","embeddable":true,"href":"https:\/\/www.egemtv.com\/index.php?rest_route=%2Fwp%2Fv2%2Fcategories&post=52968"},{"taxonomy":"post_tag","embeddable":true,"href":"https:\/\/www.egemtv.com\/index.php?rest_route=%2Fwp%2Fv2%2Ftags&post=52968"}],"curies":[{"name":"wp","href":"https:\/\/api.w.org\/{rel}","templated":true}]}}