{"id":52965,"date":"2025-09-06T10:34:52","date_gmt":"2025-09-06T07:34:52","guid":{"rendered":"https:\/\/www.egemtv.com\/?p=52965"},"modified":"2025-09-06T10:34:53","modified_gmt":"2025-09-06T07:34:53","slug":"baskan-cercioglu-atamizin-ve-efelerimizin-onurlu-mucadelesi-sayesinde-gelecege-guvenle-bakiyoruz","status":"publish","type":"post","link":"https:\/\/www.egemtv.com\/?p=52965","title":{"rendered":"Ba\u015fkan \u00c7er\u00e7io\u011flu: &#8220;Atam\u0131z\u0131n ve Efelerimizin onurlu m\u00fccadelesi sayesinde gelece\u011fe g\u00fcvenle bak\u0131yoruz&#8221;"},"content":{"rendered":"<p>Ayd\u0131n\u2019\u0131n d\u00fc\u015fman i\u015fgalinden kurtuluunun sadece bir \u015fehrin kurtulmas\u0131 de\u011fil b\u00fct\u00fcn bir milletin \u00f6zg\u00fcrl\u00fck iradesinin sembol\u00fc oldu\u011funa dikkat \u00e7eken Ayd\u0131n B\u00fcy\u00fck\u015fehir Belediye Ba\u015fkan\u0131 \u00d6zlem \u00c7er\u00e7io\u011flu; &#8220;Atam\u0131z\u0131n ve Efelerimizin onurlu m\u00fccadelesi sayesinde gelece\u011fe daha g\u00fcvenle bak\u0131yoruz&#8221; dedi.<br \/>\n<br \/>Ayd\u0131n B\u00fcy\u00fck\u015fehir Belediye Ba\u015fkan\u0131 \u00d6zlem \u00c7er\u00e7io\u011flu, Ayd\u0131n\u2019\u0131n d\u00fc\u015fman i\u015fgalinden kurtulu\u015funun 103. y\u0131l d\u00f6n\u00fcm\u00fc i\u00e7in bir mesaj yay\u0131mlad\u0131. Ba\u015fkan \u00c7er\u00e7io\u011flu mesaj\u0131nda &#8220;Milletimizin tarih sahnesindeki en onurlu sayfalar\u0131ndan biri, \u015f\u00fcphesiz ki Ayd\u0131n\u0131m\u0131z\u0131n d\u00fc\u015fman i\u015fgalinden kurtulu\u015fudur. Bu topraklarda verilen m\u00fccadele, yaln\u0131zca bir \u015fehrin de\u011fil, b\u00fct\u00fcn bir milletin \u00f6zg\u00fcrl\u00fck iradesinin sembol\u00fc olmu\u015ftur. Y\u00f6r\u00fck Ali Efe\u2019den Demirci Mehmet Efe\u2019ye, Albay \u015eefik\u2019ten \u00c7ete Ay\u015fe\u2019ye kadar nice kahraman\u0131m\u0131z, canlar\u0131 pahas\u0131na i\u015fgale kar\u015f\u0131 durmu\u015f, Ayd\u0131n\u0131m\u0131z\u0131 yeniden \u00f6zg\u00fcrl\u00fc\u011f\u00fcne kavu\u015fturmu\u015ftur. \u0130ki kez i\u015fgale u\u011fray\u0131p, iki kez kurtulu\u015f destan\u0131 yazan Ayd\u0131n\u0131m\u0131z, bu y\u00f6n\u00fcyle T\u00fcrk milletinin cesaretinin, kararl\u0131l\u0131\u011f\u0131n\u0131n ve ba\u011f\u0131ms\u0131zl\u0131k tutkusunun e\u015fsiz \u00f6rneklerinden biri olmu\u015ftur. Gazi Mustafa Kemal Atat\u00fcrk milletimize yaln\u0131zca ba\u011f\u0131ms\u0131z bir vatan b\u0131rakmam\u0131\u015f, ayn\u0131 zamanda \u00e7a\u011fda\u015f ve demokratik T\u00fcrkiye Cumhuriyeti\u2019nin de temellerini atm\u0131\u015ft\u0131r. Bug\u00fcn bizler, Atam\u0131z\u0131n ve Efelerimizin onurlu m\u00fccadelesi sayesinde gelece\u011fe daha g\u00fcvenle bak\u0131yoruz. Kurtulu\u015f g\u00fcn\u00fcm\u00fcz; yaln\u0131zca ge\u00e7mi\u015fi hat\u0131rlad\u0131\u011f\u0131m\u0131z bir g\u00fcn de\u011fil, ayn\u0131 zamanda gelece\u011fe olan sorumlulu\u011fumuzu da hat\u0131rlatan bir g\u00fcnd\u00fcr. Bizlere d\u00fc\u015fen g\u00f6rev, atalar\u0131m\u0131z\u0131n miras\u0131n\u0131 gururla ta\u015f\u0131mak, Cumhuriyetimizi her ge\u00e7en g\u00fcn daha ileriye g\u00f6t\u00fcrmek ve Ayd\u0131n\u0131m\u0131z\u0131 daima \u00fclkemizin parlayan \u015fehirlerinden biri k\u0131lmakt\u0131r. Bu vesileyle ba\u015fta Gazi Mustafa Kemal Atat\u00fcrk ve silah arkada\u015flar\u0131 olmak \u00fczere vatan\u0131m\u0131z u\u011fruna can\u0131n\u0131 ortaya koyan t\u00fcm kahramanlar\u0131m\u0131z\u0131 rahmetle ve minnetle an\u0131yor; gazilerimize \u015f\u00fckranlar\u0131m\u0131 sunuyorum. Kahraman Efelerimizin aziz hat\u0131ralar\u0131 \u00f6n\u00fcnde sayg\u0131yla e\u011filiyor, Ayd\u0131n\u0131m\u0131z\u0131n kurtulu\u015f g\u00fcn\u00fcn\u00fc kutluyorum&#8221; ifadeleri yer ald\u0131.<br \/><\/p>\n","protected":false},"excerpt":{"rendered":"<p>Ayd\u0131n\u2019\u0131n d\u00fc\u015fman i\u015fgalinden kurtuluunun sadece bir \u015fehrin kurtulmas\u0131 de\u011fil b\u00fct\u00fcn bir milletin \u00f6zg\u00fcrl\u00fck iradesinin sembol\u00fc oldu\u011funa dikkat \u00e7eken Ayd\u0131n B\u00fcy\u00fck\u015fehir Belediye Ba\u015fkan\u0131 \u00d6zlem \u00c7er\u00e7io\u011flu; &#8220;Atam\u0131z\u0131n ve Efelerimizin onurlu m\u00fccadelesi sayesinde gelece\u011fe daha g\u00fcvenle bak\u0131yoruz&#8221; dedi. Ayd\u0131n B\u00fcy\u00fck\u015fehir Belediye Ba\u015fkan\u0131 \u00d6zlem \u00c7er\u00e7io\u011flu, Ayd\u0131n\u2019\u0131n d\u00fc\u015fman i\u015fgalinden kurtulu\u015funun 103. y\u0131l d\u00f6n\u00fcm\u00fc i\u00e7in bir mesaj yay\u0131mlad\u0131. Ba\u015fkan \u00c7er\u00e7io\u011flu mesaj\u0131nda&#8230;<\/p>\n","protected":false},"author":1,"featured_media":52966,"comment_status":"open","ping_status":"open","sticky":false,"template":"","format":"standard","meta":{"_crdt_document":"","footnotes":""},"categories":[1],"tags":[],"class_list":["post-52965","post","type-post","status-publish","format-standard","has-post-thumbnail","hentry","category-guncel"],"_links":{"self":[{"href":"https:\/\/www.egemtv.com\/index.php?rest_route=\/wp\/v2\/posts\/52965","targetHints":{"allow":["GET"]}}],"collection":[{"href":"https:\/\/www.egemtv.com\/index.php?rest_route=\/wp\/v2\/posts"}],"about":[{"href":"https:\/\/www.egemtv.com\/index.php?rest_route=\/wp\/v2\/types\/post"}],"author":[{"embeddable":true,"href":"https:\/\/www.egemtv.com\/index.php?rest_route=\/wp\/v2\/users\/1"}],"replies":[{"embeddable":true,"href":"https:\/\/www.egemtv.com\/index.php?rest_route=%2Fwp%2Fv2%2Fcomments&post=52965"}],"version-history":[{"count":1,"href":"https:\/\/www.egemtv.com\/index.php?rest_route=\/wp\/v2\/posts\/52965\/revisions"}],"predecessor-version":[{"id":52967,"href":"https:\/\/www.egemtv.com\/index.php?rest_route=\/wp\/v2\/posts\/52965\/revisions\/52967"}],"wp:featuredmedia":[{"embeddable":true,"href":"https:\/\/www.egemtv.com\/index.php?rest_route=\/wp\/v2\/media\/52966"}],"wp:attachment":[{"href":"https:\/\/www.egemtv.com\/index.php?rest_route=%2Fwp%2Fv2%2Fmedia&parent=52965"}],"wp:term":[{"taxonomy":"category","embeddable":true,"href":"https:\/\/www.egemtv.com\/index.php?rest_route=%2Fwp%2Fv2%2Fcategories&post=52965"},{"taxonomy":"post_tag","embeddable":true,"href":"https:\/\/www.egemtv.com\/index.php?rest_route=%2Fwp%2Fv2%2Ftags&post=52965"}],"curies":[{"name":"wp","href":"https:\/\/api.w.org\/{rel}","templated":true}]}}