{"id":52962,"date":"2025-09-06T10:34:52","date_gmt":"2025-09-06T07:34:52","guid":{"rendered":"https:\/\/www.egemtv.com\/?p=52962"},"modified":"2025-09-06T10:34:52","modified_gmt":"2025-09-06T07:34:52","slug":"baskan-balaban-mahalle-sakinlerini-dinledi","status":"publish","type":"post","link":"https:\/\/www.egemtv.com\/?p=52962","title":{"rendered":"Ba\u015fkan Balaban mahalle sakinlerini dinledi"},"content":{"rendered":"<p>Her f\u0131rsatta halkla i\u00e7 i\u00e7e olan Yunusemre Belediye Ba\u015fkan\u0131 Semih Balaban, Mare\u015fal Fevzi \u00c7akmak Mahallesi sakinleri ile bir araya gelerek talep ve \u00f6nerilerini dinledi.<br \/>\n<br \/>G\u00f6reve ba\u015flad\u0131\u011f\u0131 g\u00fcnden bu zamana kadar halk\u0131n i\u00e7inde olan Yunusemre Belediye Ba\u015fkan\u0131 Semih Balaban, mahalle ziyaretlerine devam ediyor. Sorunlar\u0131 vatanda\u015flarla y\u00fcz y\u00fcze ve yerinde inceleyerek tespit eden Ba\u015fkan Semih Balaban, bu kapsamda Manisa B\u00fcy\u00fck\u015fehir Belediyesi Fen \u0130\u015fleri Daire Ba\u015fkan\u0131 Dilek Yeltin ile ve Mare\u015fal Fevzi \u00c7akmak Mahallesi sakinleri ile bulu\u015ftu. Ziyarette Mahalle Muhtar\u0131 Musa Sezer de Ba\u015fkan Balaban ve Dilek Yeltin\u2019e e\u015flik etti.<\/p>\n<p>&#8220;\u00c7ocuklar okula daha rahat gitsin diye iki ara\u00e7 hizmete girdi&#8221;<br \/>\n<br \/>Burada y\u00fcr\u00fct\u00fclen \u00e7al\u0131\u015fmalar hakk\u0131nda mahallelileri bilgilendiren Belediye Ba\u015fkan\u0131 Balaban,  &#8220;Yunusemre Belediyesi g\u00fczel bir hizmet yap\u0131yor. \u00c7ocuklar\u0131m\u0131z\u0131n daha rahat bir \u015fekilde okullar\u0131na gidebilmesi i\u00e7in, yaz\u0131n s\u0131caktan k\u0131\u015f\u0131n ise ya\u011fmurdan \u00e7amurdan korunabilmesi i\u00e7in belediyemizin iki arac\u0131n\u0131 seferber ettik. Okullar a\u00e7\u0131ld\u0131ktan sonra da \u00e7ocuklar\u0131m\u0131za yine sahip \u00e7\u0131kaca\u011f\u0131z&#8221; dedi.<\/p>\n<p>\u0130mar sorununun neden \u00e7\u00f6z\u00fclemedi\u011fini anlatt\u0131<br \/>\n<br \/>\u00c7\u00f6z\u00fcm odakl\u0131 bir anlay\u0131\u015fla hizmet \u00fcrettiklerini dile getiren Belediye Ba\u015fkan\u0131 Balaban mahallenin imar sorununa ili\u015fkin ise \u015funlar\u0131 s\u00f6yledi: &#8220;Daha \u00f6nce de s\u00f6yledi\u011fim gibi buran\u0131n \u00e7\u00f6z\u00fcm\u00fc merkezi iktidar\u0131n elinde. Bu topraklar tar\u0131m arazisi vasf\u0131nda oldu\u011fu i\u00e7in belediyeler buraya imar veremiyor. \u0130mar verilmeyince de altyap\u0131 sorunu, numarataj sorunu \u00e7\u00f6z\u00fclm\u00fcyor. Burada yap\u0131lacak en \u00f6nemli \u015fey merkezi iktidar\u0131n buradaki t\u00fcm araziyi tar\u0131m vasf\u0131n\u0131 yitirmi\u015f topraklara d\u00f6n\u00fc\u015ft\u00fcrecek; tar\u0131m arazisi vasf\u0131 kalmayacak. O zaman biz de burada belediye olarak b\u00fcy\u00fck\u015fehir belediyesinin \u00f6nc\u00fcl\u00fc\u011f\u00fcnde imara a\u00e7aca\u011f\u0131z. Ve o \u015fekilde s\u00fcreci g\u00f6t\u00fcrece\u011fiz. Ama onun d\u0131\u015f\u0131nda biz sizlere elimizden gelen deste\u011fi yapaca\u011f\u0131z. Ben sizlere elimden geldi\u011fince yard\u0131mc\u0131 olmaya \u00e7al\u0131\u015f\u0131yorum. B\u00fcy\u00fck\u015fehir Belediyemiz elinden geldi\u011fi kadar yard\u0131mc\u0131 olmaya \u00e7al\u0131\u015f\u0131yor. Deste\u011finden dolay\u0131 B\u00fcy\u00fck\u015fehir Belediye Ba\u015fkan\u0131m\u0131z Say\u0131n Besim Dutlulu\u2019ya da te\u015fekk\u00fcr ederim.&#8221;<br \/>\n<br \/>Mahalle ziyaretinde \u00e7ocuklar\u0131n da yo\u011fun sevgisiyle kar\u015f\u0131la\u015fan Belediye Ba\u015fkan\u0131 Balaban, \u00e7ocuklar\u0131n foto\u011fraf \u00e7ektirme taleplerini geri \u00e7evirmedi.<br \/><\/p>\n","protected":false},"excerpt":{"rendered":"<p>Her f\u0131rsatta halkla i\u00e7 i\u00e7e olan Yunusemre Belediye Ba\u015fkan\u0131 Semih Balaban, Mare\u015fal Fevzi \u00c7akmak Mahallesi sakinleri ile bir araya gelerek talep ve \u00f6nerilerini dinledi. G\u00f6reve ba\u015flad\u0131\u011f\u0131 g\u00fcnden bu zamana kadar halk\u0131n i\u00e7inde olan Yunusemre Belediye Ba\u015fkan\u0131 Semih Balaban, mahalle ziyaretlerine devam ediyor. Sorunlar\u0131 vatanda\u015flarla y\u00fcz y\u00fcze ve yerinde inceleyerek tespit eden Ba\u015fkan Semih Balaban, bu&#8230;<\/p>\n","protected":false},"author":1,"featured_media":52963,"comment_status":"open","ping_status":"open","sticky":false,"template":"","format":"standard","meta":{"_crdt_document":"","footnotes":""},"categories":[127],"tags":[],"class_list":["post-52962","post","type-post","status-publish","format-standard","has-post-thumbnail","hentry","category-siyaset"],"_links":{"self":[{"href":"https:\/\/www.egemtv.com\/index.php?rest_route=\/wp\/v2\/posts\/52962","targetHints":{"allow":["GET"]}}],"collection":[{"href":"https:\/\/www.egemtv.com\/index.php?rest_route=\/wp\/v2\/posts"}],"about":[{"href":"https:\/\/www.egemtv.com\/index.php?rest_route=\/wp\/v2\/types\/post"}],"author":[{"embeddable":true,"href":"https:\/\/www.egemtv.com\/index.php?rest_route=\/wp\/v2\/users\/1"}],"replies":[{"embeddable":true,"href":"https:\/\/www.egemtv.com\/index.php?rest_route=%2Fwp%2Fv2%2Fcomments&post=52962"}],"version-history":[{"count":1,"href":"https:\/\/www.egemtv.com\/index.php?rest_route=\/wp\/v2\/posts\/52962\/revisions"}],"predecessor-version":[{"id":52964,"href":"https:\/\/www.egemtv.com\/index.php?rest_route=\/wp\/v2\/posts\/52962\/revisions\/52964"}],"wp:featuredmedia":[{"embeddable":true,"href":"https:\/\/www.egemtv.com\/index.php?rest_route=\/wp\/v2\/media\/52963"}],"wp:attachment":[{"href":"https:\/\/www.egemtv.com\/index.php?rest_route=%2Fwp%2Fv2%2Fmedia&parent=52962"}],"wp:term":[{"taxonomy":"category","embeddable":true,"href":"https:\/\/www.egemtv.com\/index.php?rest_route=%2Fwp%2Fv2%2Fcategories&post=52962"},{"taxonomy":"post_tag","embeddable":true,"href":"https:\/\/www.egemtv.com\/index.php?rest_route=%2Fwp%2Fv2%2Ftags&post=52962"}],"curies":[{"name":"wp","href":"https:\/\/api.w.org\/{rel}","templated":true}]}}