{"id":52959,"date":"2025-09-06T10:34:51","date_gmt":"2025-09-06T07:34:51","guid":{"rendered":"https:\/\/www.egemtv.com\/?p=52959"},"modified":"2025-09-06T10:34:52","modified_gmt":"2025-09-06T07:34:52","slug":"manisada-350-kilo-kacak-tutun-ele-gecirildi","status":"publish","type":"post","link":"https:\/\/www.egemtv.com\/?p=52959","title":{"rendered":"Manisa\u2019da 350 kilo ka\u00e7ak t\u00fct\u00fcn ele ge\u00e7irildi"},"content":{"rendered":"<p>Manisa\u2019da jandarma ekiplerinin yol kontrol\u00fcnde durdurdu\u011fu bir ara\u00e7ta 350 kilo k\u0131y\u0131lm\u0131\u015f ka\u00e7ak t\u00fct\u00fcn ele ge\u00e7irildi.<br \/>\n<br \/>Edinilen bilgiye g\u00f6re, Manisa \u0130l Jandarma Komutanl\u0131\u011f\u0131 Ka\u00e7ak\u00e7\u0131l\u0131k ve Organize Su\u00e7larla M\u00fccadele (KOM) \u015eube M\u00fcd\u00fcrl\u00fc\u011f\u00fc taraf\u0131ndan yap\u0131lan analiz \u00e7al\u0131\u015fmalar\u0131 sonucunda Diyarbak\u0131r\u2019dan Manisa\u2019ya ka\u00e7ak t\u00fct\u00fcn getirilece\u011fi bilgisine ula\u015f\u0131ld\u0131. KOM \u015eube M\u00fcd\u00fcrl\u00fc\u011f\u00fc ve Kula \u0130l\u00e7e Jandarma Komutanl\u0131\u011f\u0131 ekiplerince D-300 karayolunda yap\u0131lan kontrollerde \u015e.Z. (53\/E) isimli \u015fahs\u0131n kulland\u0131\u011f\u0131 ara\u00e7 durduruldu. Ara\u00e7ta yap\u0131lan aramada 350 kilogram k\u0131y\u0131lm\u0131\u015f a\u00e7\u0131k t\u00fct\u00fcn ele ge\u00e7irildi.<br \/>\n<br \/>\u015e\u00fcpheli \u015fah\u0131s hakk\u0131nda adli makamlar\u0131n talimat\u0131 do\u011frultusunda gerekli i\u015flemler ba\u015flat\u0131ld\u0131.<br \/><\/p>\n","protected":false},"excerpt":{"rendered":"<p>Manisa\u2019da jandarma ekiplerinin yol kontrol\u00fcnde durdurdu\u011fu bir ara\u00e7ta 350 kilo k\u0131y\u0131lm\u0131\u015f ka\u00e7ak t\u00fct\u00fcn ele ge\u00e7irildi. Edinilen bilgiye g\u00f6re, Manisa \u0130l Jandarma Komutanl\u0131\u011f\u0131 Ka\u00e7ak\u00e7\u0131l\u0131k ve Organize Su\u00e7larla M\u00fccadele (KOM) \u015eube M\u00fcd\u00fcrl\u00fc\u011f\u00fc taraf\u0131ndan yap\u0131lan analiz \u00e7al\u0131\u015fmalar\u0131 sonucunda Diyarbak\u0131r\u2019dan Manisa\u2019ya ka\u00e7ak t\u00fct\u00fcn getirilece\u011fi bilgisine ula\u015f\u0131ld\u0131. KOM \u015eube M\u00fcd\u00fcrl\u00fc\u011f\u00fc ve Kula \u0130l\u00e7e Jandarma Komutanl\u0131\u011f\u0131 ekiplerince D-300 karayolunda yap\u0131lan kontrollerde&#8230;<\/p>\n","protected":false},"author":1,"featured_media":52960,"comment_status":"open","ping_status":"open","sticky":false,"template":"","format":"standard","meta":{"_crdt_document":"","footnotes":""},"categories":[5],"tags":[],"class_list":["post-52959","post","type-post","status-publish","format-standard","has-post-thumbnail","hentry","category-asayis"],"_links":{"self":[{"href":"https:\/\/www.egemtv.com\/index.php?rest_route=\/wp\/v2\/posts\/52959","targetHints":{"allow":["GET"]}}],"collection":[{"href":"https:\/\/www.egemtv.com\/index.php?rest_route=\/wp\/v2\/posts"}],"about":[{"href":"https:\/\/www.egemtv.com\/index.php?rest_route=\/wp\/v2\/types\/post"}],"author":[{"embeddable":true,"href":"https:\/\/www.egemtv.com\/index.php?rest_route=\/wp\/v2\/users\/1"}],"replies":[{"embeddable":true,"href":"https:\/\/www.egemtv.com\/index.php?rest_route=%2Fwp%2Fv2%2Fcomments&post=52959"}],"version-history":[{"count":1,"href":"https:\/\/www.egemtv.com\/index.php?rest_route=\/wp\/v2\/posts\/52959\/revisions"}],"predecessor-version":[{"id":52961,"href":"https:\/\/www.egemtv.com\/index.php?rest_route=\/wp\/v2\/posts\/52959\/revisions\/52961"}],"wp:featuredmedia":[{"embeddable":true,"href":"https:\/\/www.egemtv.com\/index.php?rest_route=\/wp\/v2\/media\/52960"}],"wp:attachment":[{"href":"https:\/\/www.egemtv.com\/index.php?rest_route=%2Fwp%2Fv2%2Fmedia&parent=52959"}],"wp:term":[{"taxonomy":"category","embeddable":true,"href":"https:\/\/www.egemtv.com\/index.php?rest_route=%2Fwp%2Fv2%2Fcategories&post=52959"},{"taxonomy":"post_tag","embeddable":true,"href":"https:\/\/www.egemtv.com\/index.php?rest_route=%2Fwp%2Fv2%2Ftags&post=52959"}],"curies":[{"name":"wp","href":"https:\/\/api.w.org\/{rel}","templated":true}]}}