{"id":52953,"date":"2025-09-06T10:34:49","date_gmt":"2025-09-06T07:34:49","guid":{"rendered":"https:\/\/www.egemtv.com\/?p=52953"},"modified":"2025-09-06T10:34:50","modified_gmt":"2025-09-06T07:34:50","slug":"bodrum-belediyesinden-ogrencilere-destek","status":"publish","type":"post","link":"https:\/\/www.egemtv.com\/?p=52953","title":{"rendered":"Bodrum Belediyesi\u2019nden \u00f6\u011frencilere destek"},"content":{"rendered":"<p>Bodrum Belediyesi, her y\u0131l oldu\u011fu gibi 2025-2026 e\u011fitim-\u00f6\u011fretim d\u00f6nemi \u00f6ncesinde de \u00f6\u011frencilere k\u0131rtasiye deste\u011finde bulundu.<\/p>\n<p>Bodrum Belediyesi K\u00fclt\u00fcr ve Sosyal \u0130\u015fler M\u00fcd\u00fcrl\u00fc\u011f\u00fc taraf\u0131ndan 2025-2026 e\u011fitim ve \u00f6\u011fretim y\u0131l\u0131 \u00f6ncesinde Bodrum\u2019da e\u011fitim g\u00f6ren \u00f6\u011frenciler i\u00e7in ger\u00e7ekle\u015ftirilen k\u0131rtasiye yard\u0131m\u0131, ilkokul, ortaokul ve lise olmak \u00fczere \u00fc\u00e7 grupta ger\u00e7ekle\u015ftirildi. Bodrum Belediyesi K\u00fclt\u00fcr ve Sosyal \u0130\u015fler M\u00fcd\u00fcrl\u00fc\u011f\u00fc taraf\u0131ndan haz\u0131rlanan k\u0131rtasiye destek paketleri Bodrum Belediyesi Herodot K\u00fclt\u00fcr Merkezi\u2019nde Bodrum Belediye Ba\u015fkan\u0131 Tamer Mandalinci, Cumhuriyet Halk Partisi Bodrum \u0130l\u00e7e Ba\u015fkan\u0131 Tuna I\u015f\u0131n, belediye ba\u015fkan yard\u0131mc\u0131lar\u0131 ve meclis \u00fcyelerinin kat\u0131l\u0131m\u0131yla 950 ilkokul, 350 ortaokul ve 200 lise \u00f6\u011frencisine da\u011f\u0131t\u0131ld\u0131.<\/p>\n<p>\u00d6\u011frencilere Burs Deste\u011fi<br \/>\n<br \/>K\u0131rtasiye yard\u0131m\u0131n\u0131n yan\u0131 s\u0131ra, Bodrum Belediyesi K\u00fclt\u00fcr ve Sosyal \u0130\u015fler M\u00fcd\u00fcrl\u00fc\u011f\u00fcne ba\u011fl\u0131 Sosyal Hizmetler B\u00fcrosu taraf\u0131ndan 2025-2026 e\u011fitim-\u00f6\u011fretim y\u0131l\u0131nda Bodrum s\u0131n\u0131rlar\u0131 i\u00e7erisinde ikamet eden ailelerin ba\u015far\u0131l\u0131 ilkokul, ortaokul ve lise \u00f6\u011frencilerine y\u00f6nelik burs deste\u011fi sa\u011flanacak. Bu kapsamda; ilkokul \u00f6\u011frencilerine 5 bin TL, ortaokul \u00f6\u011frencilerine 6 bin TL ve lise \u00f6\u011frencilerine 7 bin TL tutar\u0131nda burs verilecek.<\/p>\n<p>Ba\u015fvurular, 15 Eyl\u00fcl Pazartesi g\u00fcn\u00fcne kadar gerekli belgelerle birlikte Konac\u0131k Mahallesi Seyit Onba\u015f\u0131 Caddesi \u00fczerinde bulunan Bodrum Belediyesi K\u00fclt\u00fcr ve Sosyal \u0130\u015fler M\u00fcd\u00fcrl\u00fc\u011f\u00fc\u2019ne yap\u0131labilecek. Detayl\u0131 bilgi i\u00e7in belediyenin \u00e7a\u011fr\u0131 merkezi \u00fczerinden ileti\u015fime ge\u00e7ilebilir. E\u011fitim \u00f6\u011fretim sezonunun hay\u0131rl\u0131 olmas\u0131n\u0131 dileyen Bodrum Belediye Ba\u015fkan\u0131 Tamer Mandalinci, &#8220;Ayd\u0131nl\u0131k yar\u0131nlar\u0131m\u0131z\u0131n teminat\u0131 \u00e7ocuklar\u0131m\u0131z\u0131n ve gen\u00e7lerimizin yan\u0131nda olmaya ve onlar\u0131n geli\u015fimine katk\u0131 sa\u011flayacak \u00e7al\u0131\u015fmalara ara vermeden devam edece\u011fiz&#8221; dedi.<br \/><\/p>\n","protected":false},"excerpt":{"rendered":"<p>Bodrum Belediyesi, her y\u0131l oldu\u011fu gibi 2025-2026 e\u011fitim-\u00f6\u011fretim d\u00f6nemi \u00f6ncesinde de \u00f6\u011frencilere k\u0131rtasiye deste\u011finde bulundu. Bodrum Belediyesi K\u00fclt\u00fcr ve Sosyal \u0130\u015fler M\u00fcd\u00fcrl\u00fc\u011f\u00fc taraf\u0131ndan 2025-2026 e\u011fitim ve \u00f6\u011fretim y\u0131l\u0131 \u00f6ncesinde Bodrum\u2019da e\u011fitim g\u00f6ren \u00f6\u011frenciler i\u00e7in ger\u00e7ekle\u015ftirilen k\u0131rtasiye yard\u0131m\u0131, ilkokul, ortaokul ve lise olmak \u00fczere \u00fc\u00e7 grupta ger\u00e7ekle\u015ftirildi. Bodrum Belediyesi K\u00fclt\u00fcr ve Sosyal \u0130\u015fler M\u00fcd\u00fcrl\u00fc\u011f\u00fc taraf\u0131ndan haz\u0131rlanan&#8230;<\/p>\n","protected":false},"author":1,"featured_media":52954,"comment_status":"open","ping_status":"open","sticky":false,"template":"","format":"standard","meta":{"_crdt_document":"","footnotes":""},"categories":[1],"tags":[],"class_list":["post-52953","post","type-post","status-publish","format-standard","has-post-thumbnail","hentry","category-guncel"],"_links":{"self":[{"href":"https:\/\/www.egemtv.com\/index.php?rest_route=\/wp\/v2\/posts\/52953","targetHints":{"allow":["GET"]}}],"collection":[{"href":"https:\/\/www.egemtv.com\/index.php?rest_route=\/wp\/v2\/posts"}],"about":[{"href":"https:\/\/www.egemtv.com\/index.php?rest_route=\/wp\/v2\/types\/post"}],"author":[{"embeddable":true,"href":"https:\/\/www.egemtv.com\/index.php?rest_route=\/wp\/v2\/users\/1"}],"replies":[{"embeddable":true,"href":"https:\/\/www.egemtv.com\/index.php?rest_route=%2Fwp%2Fv2%2Fcomments&post=52953"}],"version-history":[{"count":1,"href":"https:\/\/www.egemtv.com\/index.php?rest_route=\/wp\/v2\/posts\/52953\/revisions"}],"predecessor-version":[{"id":52955,"href":"https:\/\/www.egemtv.com\/index.php?rest_route=\/wp\/v2\/posts\/52953\/revisions\/52955"}],"wp:featuredmedia":[{"embeddable":true,"href":"https:\/\/www.egemtv.com\/index.php?rest_route=\/wp\/v2\/media\/52954"}],"wp:attachment":[{"href":"https:\/\/www.egemtv.com\/index.php?rest_route=%2Fwp%2Fv2%2Fmedia&parent=52953"}],"wp:term":[{"taxonomy":"category","embeddable":true,"href":"https:\/\/www.egemtv.com\/index.php?rest_route=%2Fwp%2Fv2%2Fcategories&post=52953"},{"taxonomy":"post_tag","embeddable":true,"href":"https:\/\/www.egemtv.com\/index.php?rest_route=%2Fwp%2Fv2%2Ftags&post=52953"}],"curies":[{"name":"wp","href":"https:\/\/api.w.org\/{rel}","templated":true}]}}