{"id":52950,"date":"2025-09-06T10:34:48","date_gmt":"2025-09-06T07:34:48","guid":{"rendered":"https:\/\/www.egemtv.com\/?p=52950"},"modified":"2025-09-06T10:34:49","modified_gmt":"2025-09-06T07:34:49","slug":"muglaspor-ilk-macina-bodrumda-cikiyor","status":"publish","type":"post","link":"https:\/\/www.egemtv.com\/?p=52950","title":{"rendered":"Mu\u011flaspor ilk ma\u00e7\u0131na Bodrum\u2019da \u00e7\u0131k\u0131yor"},"content":{"rendered":"<p>TFF 2. Lig Beyaz Grup\u2019ta m\u00fccadele eden Mu\u011flaspor , ligin ilk i\u00e7 saha kar\u015f\u0131la\u015fmas\u0131n\u0131 kendi stad\u0131ndaki \u00e7al\u0131\u015fmalar nedeniyle Bodrum \u015eehir Stad\u0131\u2019nda oynayacak.<br \/>\n<br \/>Ye\u015fil-beyazl\u0131 ekip, 07 Eyl\u00fcl 2025 Pazar g\u00fcn\u00fc saat 20.00\u2019de Beykoz Anadolu Spor ile kar\u015f\u0131 kar\u015f\u0131ya gelecek. Ma\u00e7 \u00f6ncesi Mu\u011flaspor taraftar gruplar\u0131 da haz\u0131rl\u0131klar\u0131n\u0131 tamamlad\u0131. 48 Gen\u00e7lik Taraftarlar Derne\u011fi Ba\u015fkan\u0131 Ceyhun Ayd\u0131nl\u0131 , sosyal medya hesab\u0131ndan yapt\u0131\u011f\u0131 payla\u015f\u0131mda &#8220;Sevdam\u0131z\u0131n g\u00f6rd\u00fc\u011f\u00fc Bodrum\u2019a hareket ediyoruz. Tak\u0131m\u0131m\u0131z\u0131 yaln\u0131z b\u0131rakmamak i\u00e7in b\u00fct\u00fcn taraftarlar\u0131 Bodrum \u015eehir Stad\u0131\u2019na davet ediyoruz&#8221; ifadeleri yer ald\u0131.<br \/><\/p>\n","protected":false},"excerpt":{"rendered":"<p>TFF 2. Lig Beyaz Grup\u2019ta m\u00fccadele eden Mu\u011flaspor , ligin ilk i\u00e7 saha kar\u015f\u0131la\u015fmas\u0131n\u0131 kendi stad\u0131ndaki \u00e7al\u0131\u015fmalar nedeniyle Bodrum \u015eehir Stad\u0131\u2019nda oynayacak. Ye\u015fil-beyazl\u0131 ekip, 07 Eyl\u00fcl 2025 Pazar g\u00fcn\u00fc saat 20.00\u2019de Beykoz Anadolu Spor ile kar\u015f\u0131 kar\u015f\u0131ya gelecek. Ma\u00e7 \u00f6ncesi Mu\u011flaspor taraftar gruplar\u0131 da haz\u0131rl\u0131klar\u0131n\u0131 tamamlad\u0131. 48 Gen\u00e7lik Taraftarlar Derne\u011fi Ba\u015fkan\u0131 Ceyhun Ayd\u0131nl\u0131 , sosyal&#8230;<\/p>\n","protected":false},"author":1,"featured_media":52951,"comment_status":"open","ping_status":"open","sticky":false,"template":"","format":"standard","meta":{"_crdt_document":"","footnotes":""},"categories":[4],"tags":[],"class_list":["post-52950","post","type-post","status-publish","format-standard","has-post-thumbnail","hentry","category-spor"],"_links":{"self":[{"href":"https:\/\/www.egemtv.com\/index.php?rest_route=\/wp\/v2\/posts\/52950","targetHints":{"allow":["GET"]}}],"collection":[{"href":"https:\/\/www.egemtv.com\/index.php?rest_route=\/wp\/v2\/posts"}],"about":[{"href":"https:\/\/www.egemtv.com\/index.php?rest_route=\/wp\/v2\/types\/post"}],"author":[{"embeddable":true,"href":"https:\/\/www.egemtv.com\/index.php?rest_route=\/wp\/v2\/users\/1"}],"replies":[{"embeddable":true,"href":"https:\/\/www.egemtv.com\/index.php?rest_route=%2Fwp%2Fv2%2Fcomments&post=52950"}],"version-history":[{"count":1,"href":"https:\/\/www.egemtv.com\/index.php?rest_route=\/wp\/v2\/posts\/52950\/revisions"}],"predecessor-version":[{"id":52952,"href":"https:\/\/www.egemtv.com\/index.php?rest_route=\/wp\/v2\/posts\/52950\/revisions\/52952"}],"wp:featuredmedia":[{"embeddable":true,"href":"https:\/\/www.egemtv.com\/index.php?rest_route=\/wp\/v2\/media\/52951"}],"wp:attachment":[{"href":"https:\/\/www.egemtv.com\/index.php?rest_route=%2Fwp%2Fv2%2Fmedia&parent=52950"}],"wp:term":[{"taxonomy":"category","embeddable":true,"href":"https:\/\/www.egemtv.com\/index.php?rest_route=%2Fwp%2Fv2%2Fcategories&post=52950"},{"taxonomy":"post_tag","embeddable":true,"href":"https:\/\/www.egemtv.com\/index.php?rest_route=%2Fwp%2Fv2%2Ftags&post=52950"}],"curies":[{"name":"wp","href":"https:\/\/api.w.org\/{rel}","templated":true}]}}