{"id":52947,"date":"2025-09-06T10:34:48","date_gmt":"2025-09-06T07:34:48","guid":{"rendered":"https:\/\/www.egemtv.com\/?p=52947"},"modified":"2025-09-06T10:34:48","modified_gmt":"2025-09-06T07:34:48","slug":"muglada-163-bin-ogrenci-ders-basi-yapacak","status":"publish","type":"post","link":"https:\/\/www.egemtv.com\/?p=52947","title":{"rendered":"Mu\u011fla\u2019da 163 bin \u00f6\u011frenci ders ba\u015f\u0131 yapacak"},"content":{"rendered":"<p>Yeni e\u011fitim \u00f6\u011fretim y\u0131l\u01318 Eyl\u00fcl Pazartesi g\u00fcn\u00fc ba\u015flayacak, Mu\u011fla genelinde ise 163 bin 580 \u00f6\u011frenci ders ba\u015f\u0131 yapacak.<\/p>\n<p>2025-2026 e\u011fitim \u00f6\u011fretim y\u0131l\u0131, 8 Eyl\u00fcl Pazartesi g\u00fcn\u00fc ilk ders zilinin \u00e7almas\u0131yla ba\u015flayacak. Yeni d\u00f6nem 26 Haziran 2026 Cuma g\u00fcn\u00fc sona erecek. Mu\u011fla\u2019da toplam 817 okulda 163 bin 580 \u00f6\u011frenci ders ba\u015f\u0131 yapacak. \u00d6\u011frencilerin e\u011fitim yolculu\u011funa 14 bin 217 \u00f6\u011fretmen ve bin 585 y\u00f6netici e\u015flik edecek. \u0130l genelinde haz\u0131rl\u0131klar\u0131n tamamland\u0131\u011f\u0131, okullarda yeni d\u00f6neme haz\u0131r olundu\u011fu bildirildi.<\/p>\n<p>Yeni e\u011fitim \u00f6\u011fretim y\u0131l\u0131 kapsam\u0131nda \u0130lk\u00f6\u011fretim Haftas\u0131 T\u00f6reni de 8 Eyl\u00fcl Pazartesi g\u00fcn\u00fc ger\u00e7ekle\u015ftirilecek. Program saat 09.15\u2019te Atat\u00fcrk An\u0131t\u0131\u2019na \u00e7elenk sunulmas\u0131yla ba\u015flayacak. Ard\u0131ndan saat 10.00\u2019da Vali Recai G\u00fcreli \u0130lkokulu\u2019nda resmi a\u00e7\u0131l\u0131\u015f program\u0131 yap\u0131lacak. T\u00f6rende \u015fiirler, halk oyunu g\u00f6sterisi, \u00e7i\u00e7ek takdimi ve s\u0131n\u0131f ziyaretleri yer alacak. A\u00e7\u0131l\u0131\u015f etkinliklerinin ard\u0131ndan \u00f6\u011frenciler s\u0131n\u0131flar\u0131na ge\u00e7erek ders ba\u015f\u0131 yapacak.<br \/><\/p>\n","protected":false},"excerpt":{"rendered":"<p>Yeni e\u011fitim \u00f6\u011fretim y\u0131l\u01318 Eyl\u00fcl Pazartesi g\u00fcn\u00fc ba\u015flayacak, Mu\u011fla genelinde ise 163 bin 580 \u00f6\u011frenci ders ba\u015f\u0131 yapacak. 2025-2026 e\u011fitim \u00f6\u011fretim y\u0131l\u0131, 8 Eyl\u00fcl Pazartesi g\u00fcn\u00fc ilk ders zilinin \u00e7almas\u0131yla ba\u015flayacak. Yeni d\u00f6nem 26 Haziran 2026 Cuma g\u00fcn\u00fc sona erecek. Mu\u011fla\u2019da toplam 817 okulda 163 bin 580 \u00f6\u011frenci ders ba\u015f\u0131 yapacak. \u00d6\u011frencilerin e\u011fitim yolculu\u011funa 14&#8230;<\/p>\n","protected":false},"author":1,"featured_media":52948,"comment_status":"open","ping_status":"open","sticky":false,"template":"","format":"standard","meta":{"_crdt_document":"","footnotes":""},"categories":[1],"tags":[],"class_list":["post-52947","post","type-post","status-publish","format-standard","has-post-thumbnail","hentry","category-guncel"],"_links":{"self":[{"href":"https:\/\/www.egemtv.com\/index.php?rest_route=\/wp\/v2\/posts\/52947","targetHints":{"allow":["GET"]}}],"collection":[{"href":"https:\/\/www.egemtv.com\/index.php?rest_route=\/wp\/v2\/posts"}],"about":[{"href":"https:\/\/www.egemtv.com\/index.php?rest_route=\/wp\/v2\/types\/post"}],"author":[{"embeddable":true,"href":"https:\/\/www.egemtv.com\/index.php?rest_route=\/wp\/v2\/users\/1"}],"replies":[{"embeddable":true,"href":"https:\/\/www.egemtv.com\/index.php?rest_route=%2Fwp%2Fv2%2Fcomments&post=52947"}],"version-history":[{"count":1,"href":"https:\/\/www.egemtv.com\/index.php?rest_route=\/wp\/v2\/posts\/52947\/revisions"}],"predecessor-version":[{"id":52949,"href":"https:\/\/www.egemtv.com\/index.php?rest_route=\/wp\/v2\/posts\/52947\/revisions\/52949"}],"wp:featuredmedia":[{"embeddable":true,"href":"https:\/\/www.egemtv.com\/index.php?rest_route=\/wp\/v2\/media\/52948"}],"wp:attachment":[{"href":"https:\/\/www.egemtv.com\/index.php?rest_route=%2Fwp%2Fv2%2Fmedia&parent=52947"}],"wp:term":[{"taxonomy":"category","embeddable":true,"href":"https:\/\/www.egemtv.com\/index.php?rest_route=%2Fwp%2Fv2%2Fcategories&post=52947"},{"taxonomy":"post_tag","embeddable":true,"href":"https:\/\/www.egemtv.com\/index.php?rest_route=%2Fwp%2Fv2%2Ftags&post=52947"}],"curies":[{"name":"wp","href":"https:\/\/api.w.org\/{rel}","templated":true}]}}