{"id":52941,"date":"2025-09-06T10:14:56","date_gmt":"2025-09-06T07:14:56","guid":{"rendered":"https:\/\/www.egemtv.com\/?p=52941"},"modified":"2025-09-06T10:14:56","modified_gmt":"2025-09-06T07:14:56","slug":"izmirde-102-duzensiz-gocmen-yakalandi","status":"publish","type":"post","link":"https:\/\/www.egemtv.com\/?p=52941","title":{"rendered":"\u0130zmir\u2019de 102 d\u00fczensiz g\u00f6\u00e7men yakaland\u0131"},"content":{"rendered":"<p>\u0130zmir\u2019de Sahil G\u00fcvenlik Komutanl\u0131\u011f\u0131 ekipleri taraf\u0131ndan ger\u00e7ekle\u015ftirilen 4 ayr\u0131 operasyonda, aralar\u0131nda \u00e7ocuklar\u0131n da bulundu\u011fu toplam 102 d\u00fczensiz g\u00f6\u00e7meni yakaland\u0131. Operasyonlarda ayr\u0131ca 1 g\u00f6\u00e7men ka\u00e7ak\u00e7\u0131s\u0131 \u015f\u00fcphelisi g\u00f6zalt\u0131na al\u0131nd\u0131.<br \/>\n<br \/>4 Eyl\u00fcl g\u00fcn\u00fc saat 01.50\u2019de Dikili il\u00e7esi a\u00e7\u0131klar\u0131nda lastik bot i\u00e7erisinde bir grup d\u00fczensiz g\u00f6\u00e7men oldu\u011funun belirlenmesi \u00fczerine g\u00f6revlendirilen Sahil G\u00fcvenlik Botu (KB-107), hareket halindeki botu durdurarak 2\u2019si \u00e7ocuk 21 d\u00fczensiz g\u00f6\u00e7meni yakalad\u0131. Saat 02.20\u2019de ise \u00c7e\u015fme il\u00e7esinde g\u00f6revli Sahil G\u00fcvenlik Mobil Radar\u0131 (MORAD-11) taraf\u0131ndan tespit edilen lastik bot, Sahil G\u00fcvenlik Botu (TCSG-35) taraf\u0131ndan durduruldu. Botta bulunan 41 d\u00fczensiz g\u00f6\u00e7men yakaland\u0131. Yine \u00c7e\u015fme il\u00e7esinde saat 04.10\u2019da Sahil G\u00fcvenlik Ka\u00e7ak\u00e7\u0131l\u0131k ve Organize Su\u00e7larla M\u00fccadele (KOM) Timi ve Kolluk Destek Timi (Ala\u00e7at\u0131\/Koldestim) taraf\u0131ndan karada tespit edilen 10 d\u00fczensiz g\u00f6\u00e7men ile 1 g\u00f6\u00e7men ka\u00e7ak\u00e7\u0131s\u0131 \u015f\u00fcphelisi yakalanarak g\u00f6zalt\u0131na al\u0131nd\u0131. Ayn\u0131 g\u00fcn saat 04.25\u2019te de Seferihisar a\u00e7\u0131klar\u0131nda Sahil G\u00fcvenlik Mobil Radar\u0131 (MORAD-9) taraf\u0131ndan tespit edilen lastik bot, Sahil G\u00fcvenlik Botu (KB-22) taraf\u0131ndan durduruldu. Bot i\u00e7erisindeki 30 d\u00fczensiz g\u00f6\u00e7men yakaland\u0131.<br \/>\n<br \/>Yakalanan g\u00f6\u00e7men ka\u00e7ak\u00e7\u0131s\u0131 g\u00f6zalt\u0131na al\u0131n\u0131rken, d\u00fczensiz g\u00f6\u00e7menler, i\u015flemlerinin ard\u0131ndan \u0130l G\u00f6\u00e7 \u0130daresi M\u00fcd\u00fcrl\u00fc\u011f\u00fcne teslim edildi.<br \/><\/p>\n","protected":false},"excerpt":{"rendered":"<p>\u0130zmir\u2019de Sahil G\u00fcvenlik Komutanl\u0131\u011f\u0131 ekipleri taraf\u0131ndan ger\u00e7ekle\u015ftirilen 4 ayr\u0131 operasyonda, aralar\u0131nda \u00e7ocuklar\u0131n da bulundu\u011fu toplam 102 d\u00fczensiz g\u00f6\u00e7meni yakaland\u0131. Operasyonlarda ayr\u0131ca 1 g\u00f6\u00e7men ka\u00e7ak\u00e7\u0131s\u0131 \u015f\u00fcphelisi g\u00f6zalt\u0131na al\u0131nd\u0131. 4 Eyl\u00fcl g\u00fcn\u00fc saat 01.50\u2019de Dikili il\u00e7esi a\u00e7\u0131klar\u0131nda lastik bot i\u00e7erisinde bir grup d\u00fczensiz g\u00f6\u00e7men oldu\u011funun belirlenmesi \u00fczerine g\u00f6revlendirilen Sahil G\u00fcvenlik Botu (KB-107), hareket halindeki botu durdurarak 2\u2019si&#8230;<\/p>\n","protected":false},"author":1,"featured_media":52942,"comment_status":"open","ping_status":"open","sticky":false,"template":"","format":"standard","meta":{"_crdt_document":"","footnotes":""},"categories":[5],"tags":[],"class_list":["post-52941","post","type-post","status-publish","format-standard","has-post-thumbnail","hentry","category-asayis"],"_links":{"self":[{"href":"https:\/\/www.egemtv.com\/index.php?rest_route=\/wp\/v2\/posts\/52941","targetHints":{"allow":["GET"]}}],"collection":[{"href":"https:\/\/www.egemtv.com\/index.php?rest_route=\/wp\/v2\/posts"}],"about":[{"href":"https:\/\/www.egemtv.com\/index.php?rest_route=\/wp\/v2\/types\/post"}],"author":[{"embeddable":true,"href":"https:\/\/www.egemtv.com\/index.php?rest_route=\/wp\/v2\/users\/1"}],"replies":[{"embeddable":true,"href":"https:\/\/www.egemtv.com\/index.php?rest_route=%2Fwp%2Fv2%2Fcomments&post=52941"}],"version-history":[{"count":1,"href":"https:\/\/www.egemtv.com\/index.php?rest_route=\/wp\/v2\/posts\/52941\/revisions"}],"predecessor-version":[{"id":52943,"href":"https:\/\/www.egemtv.com\/index.php?rest_route=\/wp\/v2\/posts\/52941\/revisions\/52943"}],"wp:featuredmedia":[{"embeddable":true,"href":"https:\/\/www.egemtv.com\/index.php?rest_route=\/wp\/v2\/media\/52942"}],"wp:attachment":[{"href":"https:\/\/www.egemtv.com\/index.php?rest_route=%2Fwp%2Fv2%2Fmedia&parent=52941"}],"wp:term":[{"taxonomy":"category","embeddable":true,"href":"https:\/\/www.egemtv.com\/index.php?rest_route=%2Fwp%2Fv2%2Fcategories&post=52941"},{"taxonomy":"post_tag","embeddable":true,"href":"https:\/\/www.egemtv.com\/index.php?rest_route=%2Fwp%2Fv2%2Ftags&post=52941"}],"curies":[{"name":"wp","href":"https:\/\/api.w.org\/{rel}","templated":true}]}}