{"id":52938,"date":"2025-09-06T10:14:55","date_gmt":"2025-09-06T07:14:55","guid":{"rendered":"https:\/\/www.egemtv.com\/?p=52938"},"modified":"2025-09-06T10:14:56","modified_gmt":"2025-09-06T07:14:56","slug":"marmariste-6-gocmen-kacakcisi-yakalandi","status":"publish","type":"post","link":"https:\/\/www.egemtv.com\/?p=52938","title":{"rendered":"Marmaris\u2019te 6 g\u00f6\u00e7men ka\u00e7ak\u00e7\u0131s\u0131 yakaland\u0131"},"content":{"rendered":"<p>Mu\u011fla\u2019n\u0131n Marmaris il\u00e7esinde yasa d\u0131\u015f\u0131 yollardan Yunanistan adalar\u0131na ge\u00e7meye \u00e7al\u0131\u015fan ve i\u00e7inde 20\u2019si \u00e7ocuk 35 d\u00fczensiz g\u00f6\u00e7men ile 6 g\u00f6\u00e7men ka\u00e7ak\u00e7\u0131l\u0131\u011f\u0131 \u015f\u00fcphelisinin bindi\u011fi bot ar\u0131za yap\u0131nca a\u00e7\u0131k denizde s\u00fcr\u00fcklenmeye ba\u015flad\u0131.<br \/>\n<br \/>Marmaris il\u00e7esi a\u00e7\u0131klar\u0131nda i\u00e7erisinde d\u00fczensiz g\u00f6\u00e7menlerin oldu\u011fu lastik botun motor ar\u0131zas\u0131 nedeniyle s\u00fcr\u00fcklendi\u011fi ve yard\u0131m talebinde bulunuldu\u011fu bilgisinin al\u0131nmas\u0131 \u00fczerine g\u00f6revlendirilen Sahil G\u00fcvenlik Botu taraf\u0131ndan fiber karinal\u0131 lastik bot i\u00e7erisindeki 15 d\u00fczensiz g\u00f6\u00e7men (beraberinde 20 \u00e7ocuk) kurtar\u0131ld\u0131, 6 g\u00f6\u00e7men ka\u00e7ak\u00e7\u0131s\u0131 \u015f\u00fcphelisi yakaland\u0131.<br \/><\/p>\n","protected":false},"excerpt":{"rendered":"<p>Mu\u011fla\u2019n\u0131n Marmaris il\u00e7esinde yasa d\u0131\u015f\u0131 yollardan Yunanistan adalar\u0131na ge\u00e7meye \u00e7al\u0131\u015fan ve i\u00e7inde 20\u2019si \u00e7ocuk 35 d\u00fczensiz g\u00f6\u00e7men ile 6 g\u00f6\u00e7men ka\u00e7ak\u00e7\u0131l\u0131\u011f\u0131 \u015f\u00fcphelisinin bindi\u011fi bot ar\u0131za yap\u0131nca a\u00e7\u0131k denizde s\u00fcr\u00fcklenmeye ba\u015flad\u0131. Marmaris il\u00e7esi a\u00e7\u0131klar\u0131nda i\u00e7erisinde d\u00fczensiz g\u00f6\u00e7menlerin oldu\u011fu lastik botun motor ar\u0131zas\u0131 nedeniyle s\u00fcr\u00fcklendi\u011fi ve yard\u0131m talebinde bulunuldu\u011fu bilgisinin al\u0131nmas\u0131 \u00fczerine g\u00f6revlendirilen Sahil G\u00fcvenlik Botu taraf\u0131ndan&#8230;<\/p>\n","protected":false},"author":1,"featured_media":52939,"comment_status":"open","ping_status":"open","sticky":false,"template":"","format":"standard","meta":{"_crdt_document":"","footnotes":""},"categories":[5],"tags":[],"class_list":["post-52938","post","type-post","status-publish","format-standard","has-post-thumbnail","hentry","category-asayis"],"_links":{"self":[{"href":"https:\/\/www.egemtv.com\/index.php?rest_route=\/wp\/v2\/posts\/52938","targetHints":{"allow":["GET"]}}],"collection":[{"href":"https:\/\/www.egemtv.com\/index.php?rest_route=\/wp\/v2\/posts"}],"about":[{"href":"https:\/\/www.egemtv.com\/index.php?rest_route=\/wp\/v2\/types\/post"}],"author":[{"embeddable":true,"href":"https:\/\/www.egemtv.com\/index.php?rest_route=\/wp\/v2\/users\/1"}],"replies":[{"embeddable":true,"href":"https:\/\/www.egemtv.com\/index.php?rest_route=%2Fwp%2Fv2%2Fcomments&post=52938"}],"version-history":[{"count":1,"href":"https:\/\/www.egemtv.com\/index.php?rest_route=\/wp\/v2\/posts\/52938\/revisions"}],"predecessor-version":[{"id":52940,"href":"https:\/\/www.egemtv.com\/index.php?rest_route=\/wp\/v2\/posts\/52938\/revisions\/52940"}],"wp:featuredmedia":[{"embeddable":true,"href":"https:\/\/www.egemtv.com\/index.php?rest_route=\/wp\/v2\/media\/52939"}],"wp:attachment":[{"href":"https:\/\/www.egemtv.com\/index.php?rest_route=%2Fwp%2Fv2%2Fmedia&parent=52938"}],"wp:term":[{"taxonomy":"category","embeddable":true,"href":"https:\/\/www.egemtv.com\/index.php?rest_route=%2Fwp%2Fv2%2Fcategories&post=52938"},{"taxonomy":"post_tag","embeddable":true,"href":"https:\/\/www.egemtv.com\/index.php?rest_route=%2Fwp%2Fv2%2Ftags&post=52938"}],"curies":[{"name":"wp","href":"https:\/\/api.w.org\/{rel}","templated":true}]}}