{"id":52902,"date":"2025-09-05T22:16:58","date_gmt":"2025-09-05T19:16:58","guid":{"rendered":"https:\/\/www.egemtv.com\/?p=52902"},"modified":"2025-09-05T22:16:58","modified_gmt":"2025-09-05T19:16:58","slug":"sampiyonlar-ayni-sofrada-bulustu","status":"publish","type":"post","link":"https:\/\/www.egemtv.com\/?p=52902","title":{"rendered":"\u015eampiyonlar ayn\u0131 sofrada bulu\u015ftu"},"content":{"rendered":"<p>Manisa Gen\u00e7lik ve Spor \u0130l M\u00fcd\u00fcr\u00fc Yunus \u00d6zt\u00fcrk, 2025 FAI World Championship for Space Models (Juniors and Seniors) Uzay Modelleri D\u00fcnya \u015eampiyonas\u0131\u2019nda d\u00fcnya ikincili\u011fi elde eden Ala\u015fehirli sporcular ile Anadolu Y\u0131ld\u0131zlar Ligi\u2019nde Basketbol T\u00fcrkiye \u015eampiyonu olan k\u0131z tak\u0131m\u0131 ve voleybol bran\u015f\u0131nda T\u00fcrkiye \u015eampiyonu olan erkek tak\u0131m\u0131 sporcular\u0131 ve antren\u00f6rlerini kahvalt\u0131 program\u0131nda bir araya getirdi.<br \/>\n<br \/>Programda sporcular\u0131n kazand\u0131klar\u0131 ba\u015far\u0131lar\u0131n \u00f6nemine dikkat \u00e7eken \u0130l M\u00fcd\u00fcr\u00fc Yunus \u00d6zt\u00fcrk, Manisa\u2019n\u0131n her ge\u00e7en g\u00fcn ulusal ve uluslararas\u0131 alanda ba\u015far\u0131larla ad\u0131ndan s\u00f6z ettirdi\u011fini vurgulad\u0131. Sporcular\u0131n gayreti ve antren\u00f6rlerin \u00f6zverili \u00e7al\u0131\u015fmalar\u0131 sayesinde elde edilen bu derecelerin, \u015fehrin spor potansiyelini en g\u00fczel \u015fekilde ortaya koydu\u011funu ifade eden \u00d6zt\u00fcrk, t\u00fcm sporcular\u0131 tebrik ederek ba\u015far\u0131lar\u0131n\u0131n devam\u0131n\u0131 diledi.<br \/>\n<br \/>\u00d6zt\u00fcrk konu\u015fmas\u0131nda, &#8220;Gen\u00e7lerimizin her bran\u015fta g\u00f6sterdi\u011fi \u00fcst\u00fcn ba\u015far\u0131lar hem bizleri gururland\u0131r\u0131yor hem de Manisa\u2019n\u0131n spor kenti olma yolundaki iddias\u0131n\u0131 g\u00fc\u00e7lendiriyor. Elde edilen her ba\u015far\u0131, gelecekteki hedeflere \u0131\u015f\u0131k tutuyor. Gen\u00e7lik ve Spor Bakanl\u0131\u011f\u0131m\u0131z\u0131n \u00f6nc\u00fcl\u00fc\u011f\u00fcnde Manisa\u2019m\u0131za kazand\u0131rd\u0131\u011f\u0131m\u0131z modern spor tesisleriyle gen\u00e7lerimize en iyi imkanlar\u0131 sunuyoruz. 17 il\u00e7emizde a\u00e7t\u0131\u011f\u0131m\u0131z spor kurslar\u0131nda \u00e7ocuklar\u0131m\u0131z ve gen\u00e7lerimiz bir\u00e7ok bran\u015fta e\u011fitim al\u0131yor, bu \u00e7al\u0131\u015fmalar sayesinde \u015fehrimizden sizler gibi \u00e7ok de\u011ferli \u015fampiyon sporcular yeti\u015fiyor&#8221; ifadelerini kulland\u0131.<br \/>\n<br \/>Programa Spor Hizmetleri M\u00fcd\u00fcr\u00fc Mustafa Buldu ile Ala\u015fehir Gen\u00e7lik ve Spor \u0130l\u00e7e M\u00fcd\u00fcr\u00fc Onur Katar da kat\u0131ld\u0131.<br \/><\/p>\n","protected":false},"excerpt":{"rendered":"<p>Manisa Gen\u00e7lik ve Spor \u0130l M\u00fcd\u00fcr\u00fc Yunus \u00d6zt\u00fcrk, 2025 FAI World Championship for Space Models (Juniors and Seniors) Uzay Modelleri D\u00fcnya \u015eampiyonas\u0131\u2019nda d\u00fcnya ikincili\u011fi elde eden Ala\u015fehirli sporcular ile Anadolu Y\u0131ld\u0131zlar Ligi\u2019nde Basketbol T\u00fcrkiye \u015eampiyonu olan k\u0131z tak\u0131m\u0131 ve voleybol bran\u015f\u0131nda T\u00fcrkiye \u015eampiyonu olan erkek tak\u0131m\u0131 sporcular\u0131 ve antren\u00f6rlerini kahvalt\u0131 program\u0131nda bir araya getirdi. Programda&#8230;<\/p>\n","protected":false},"author":1,"featured_media":52903,"comment_status":"open","ping_status":"open","sticky":false,"template":"","format":"standard","meta":{"_crdt_document":"","footnotes":""},"categories":[4],"tags":[],"class_list":["post-52902","post","type-post","status-publish","format-standard","has-post-thumbnail","hentry","category-spor"],"_links":{"self":[{"href":"https:\/\/www.egemtv.com\/index.php?rest_route=\/wp\/v2\/posts\/52902","targetHints":{"allow":["GET"]}}],"collection":[{"href":"https:\/\/www.egemtv.com\/index.php?rest_route=\/wp\/v2\/posts"}],"about":[{"href":"https:\/\/www.egemtv.com\/index.php?rest_route=\/wp\/v2\/types\/post"}],"author":[{"embeddable":true,"href":"https:\/\/www.egemtv.com\/index.php?rest_route=\/wp\/v2\/users\/1"}],"replies":[{"embeddable":true,"href":"https:\/\/www.egemtv.com\/index.php?rest_route=%2Fwp%2Fv2%2Fcomments&post=52902"}],"version-history":[{"count":1,"href":"https:\/\/www.egemtv.com\/index.php?rest_route=\/wp\/v2\/posts\/52902\/revisions"}],"predecessor-version":[{"id":52904,"href":"https:\/\/www.egemtv.com\/index.php?rest_route=\/wp\/v2\/posts\/52902\/revisions\/52904"}],"wp:featuredmedia":[{"embeddable":true,"href":"https:\/\/www.egemtv.com\/index.php?rest_route=\/wp\/v2\/media\/52903"}],"wp:attachment":[{"href":"https:\/\/www.egemtv.com\/index.php?rest_route=%2Fwp%2Fv2%2Fmedia&parent=52902"}],"wp:term":[{"taxonomy":"category","embeddable":true,"href":"https:\/\/www.egemtv.com\/index.php?rest_route=%2Fwp%2Fv2%2Fcategories&post=52902"},{"taxonomy":"post_tag","embeddable":true,"href":"https:\/\/www.egemtv.com\/index.php?rest_route=%2Fwp%2Fv2%2Ftags&post=52902"}],"curies":[{"name":"wp","href":"https:\/\/api.w.org\/{rel}","templated":true}]}}