{"id":52899,"date":"2025-09-05T22:16:57","date_gmt":"2025-09-05T19:16:57","guid":{"rendered":"https:\/\/www.egemtv.com\/?p=52899"},"modified":"2025-09-05T22:16:58","modified_gmt":"2025-09-05T19:16:58","slug":"muradiye-saglikli-hayat-merkezi-faaliyete-basladi","status":"publish","type":"post","link":"https:\/\/www.egemtv.com\/?p=52899","title":{"rendered":"Muradiye Sa\u011fl\u0131kl\u0131 Hayat Merkezi faaliyete ba\u015flad\u0131"},"content":{"rendered":"<p>Yunusemre il\u00e7esi Muradiye Mahallesi\u2019nde hizmet vermeye ba\u015flayan Muradiye Sa\u011fl\u0131kl\u0131 Hayat Merkezi, 3-9 Eyl\u00fcl Halk Sa\u011fl\u0131\u011f\u0131 Haftas\u0131 kapsam\u0131nda il ve il\u00e7e protokol \u00fcyeleri taraf\u0131ndan ziyaret edildi.<br \/>\n<br \/>Yunusemre \u0130l\u00e7e Sa\u011fl\u0131k M\u00fcd\u00fcr\u00fc Dr. M\u00fcge Vural\u2019\u0131n ev sahipli\u011finde ger\u00e7ekle\u015ftirilen ziyarete Yunusemre Kaymakam\u0131 Celalettin Cant\u00fcrk, Manisa \u0130l Sa\u011fl\u0131k M\u00fcd\u00fcr\u00fc Uzm. Dr. Mehmet Fatih Zeren, AK Parti Yunusemre \u0130l\u00e7e Ba\u015fkan\u0131 \u0130lkcan Durmaz ve di\u011fer kurum y\u00f6neticileri kat\u0131ld\u0131.<br \/>\n<br \/>Protokol \u00fcyelerine merkezin \u00e7al\u0131\u015fmalar\u0131 hakk\u0131nda bilgi veren Dr. Vural, &#8220;Sa\u011fl\u0131kl\u0131 Hayat Merkezimizde Sigara B\u0131rakma Poliklini\u011fi, Psikolog, Sosyal \u00c7al\u0131\u015fmac\u0131, \u00dcreme Sa\u011fl\u0131\u011f\u0131 ve Kanser Erken Te\u015fhis ve Tarama Dan\u0131\u015fmanl\u0131\u011f\u0131, \u00dcreme Sa\u011fl\u0131\u011f\u0131 Poliklini\u011fi, Diyetisyen (Sa\u011fl\u0131kl\u0131 Beslenme Dan\u0131\u015fmanl\u0131\u011f\u0131) ve Fizyoterapist hizmetlerinden vatanda\u015flar\u0131m\u0131z \u00fccretsiz olarak yararlanabilecek. Vatanda\u015flar\u0131m\u0131z, Sa\u011fl\u0131kl\u0131 Hayat Merkezi ile sa\u011fl\u0131kl\u0131 hayata merhaba diyecekler&#8221; dedi.<br \/>\n<br \/>Merkez, sa\u011fl\u0131k hizmetlerine eri\u015fimi kolayla\u015ft\u0131rarak, vatanda\u015flar\u0131n sa\u011fl\u0131kl\u0131 ya\u015fam al\u0131\u015fkanl\u0131klar\u0131n\u0131 benimsemelerine katk\u0131 sa\u011flayacak.<br \/><\/p>\n","protected":false},"excerpt":{"rendered":"<p>Yunusemre il\u00e7esi Muradiye Mahallesi\u2019nde hizmet vermeye ba\u015flayan Muradiye Sa\u011fl\u0131kl\u0131 Hayat Merkezi, 3-9 Eyl\u00fcl Halk Sa\u011fl\u0131\u011f\u0131 Haftas\u0131 kapsam\u0131nda il ve il\u00e7e protokol \u00fcyeleri taraf\u0131ndan ziyaret edildi. Yunusemre \u0130l\u00e7e Sa\u011fl\u0131k M\u00fcd\u00fcr\u00fc Dr. M\u00fcge Vural\u2019\u0131n ev sahipli\u011finde ger\u00e7ekle\u015ftirilen ziyarete Yunusemre Kaymakam\u0131 Celalettin Cant\u00fcrk, Manisa \u0130l Sa\u011fl\u0131k M\u00fcd\u00fcr\u00fc Uzm. Dr. Mehmet Fatih Zeren, AK Parti Yunusemre \u0130l\u00e7e Ba\u015fkan\u0131 \u0130lkcan&#8230;<\/p>\n","protected":false},"author":1,"featured_media":52900,"comment_status":"open","ping_status":"open","sticky":false,"template":"","format":"standard","meta":{"_crdt_document":"","footnotes":""},"categories":[2],"tags":[],"class_list":["post-52899","post","type-post","status-publish","format-standard","has-post-thumbnail","hentry","category-saglik"],"_links":{"self":[{"href":"https:\/\/www.egemtv.com\/index.php?rest_route=\/wp\/v2\/posts\/52899","targetHints":{"allow":["GET"]}}],"collection":[{"href":"https:\/\/www.egemtv.com\/index.php?rest_route=\/wp\/v2\/posts"}],"about":[{"href":"https:\/\/www.egemtv.com\/index.php?rest_route=\/wp\/v2\/types\/post"}],"author":[{"embeddable":true,"href":"https:\/\/www.egemtv.com\/index.php?rest_route=\/wp\/v2\/users\/1"}],"replies":[{"embeddable":true,"href":"https:\/\/www.egemtv.com\/index.php?rest_route=%2Fwp%2Fv2%2Fcomments&post=52899"}],"version-history":[{"count":1,"href":"https:\/\/www.egemtv.com\/index.php?rest_route=\/wp\/v2\/posts\/52899\/revisions"}],"predecessor-version":[{"id":52901,"href":"https:\/\/www.egemtv.com\/index.php?rest_route=\/wp\/v2\/posts\/52899\/revisions\/52901"}],"wp:featuredmedia":[{"embeddable":true,"href":"https:\/\/www.egemtv.com\/index.php?rest_route=\/wp\/v2\/media\/52900"}],"wp:attachment":[{"href":"https:\/\/www.egemtv.com\/index.php?rest_route=%2Fwp%2Fv2%2Fmedia&parent=52899"}],"wp:term":[{"taxonomy":"category","embeddable":true,"href":"https:\/\/www.egemtv.com\/index.php?rest_route=%2Fwp%2Fv2%2Fcategories&post=52899"},{"taxonomy":"post_tag","embeddable":true,"href":"https:\/\/www.egemtv.com\/index.php?rest_route=%2Fwp%2Fv2%2Ftags&post=52899"}],"curies":[{"name":"wp","href":"https:\/\/api.w.org\/{rel}","templated":true}]}}