{"id":52896,"date":"2025-09-05T22:16:56","date_gmt":"2025-09-05T19:16:56","guid":{"rendered":"https:\/\/www.egemtv.com\/?p=52896"},"modified":"2025-09-05T22:16:57","modified_gmt":"2025-09-05T19:16:57","slug":"selendi-beypinar-atli-cirit-takimi-manisayi-temsil-edecek","status":"publish","type":"post","link":"https:\/\/www.egemtv.com\/?p=52896","title":{"rendered":"Selendi Beyp\u0131nar Atl\u0131 Cirit Tak\u0131m\u0131 Manisa\u2019y\u0131 temsil edecek"},"content":{"rendered":"<p>Manisa\u2019n\u0131n Selendi il\u00e7esinde d\u00fczenlenen atl\u0131 cirit m\u00fcsabakalar\u0131n\u0131n finalinde rakibini ma\u011flup eden Selendi Beyp\u0131nar Atl\u0131 Spor Kul\u00fcb\u00fc, \u00e7eyrek finalde Manisa\u2019y\u0131 temsil etmeye hak kazand\u0131.<br \/>\n<br \/>Geleneksel Spor Dallar\u0131 Federasyonu faaliyetleri kapsam\u0131nda, Selendi \u0130l\u00e7e Spor M\u00fcd\u00fcrl\u00fc\u011f\u00fc organizat\u00f6rl\u00fc\u011f\u00fcnde yap\u0131lan 2025 sezonu Manisa elemeleri, Vali Muzaffer Ecemi\u015f Cirit Sahas\u0131\u2019nda ger\u00e7ekle\u015ftirildi.<br \/>\n<br \/>Selendi Beyp\u0131nar, Selendi Karabeyler, Selendi Atl\u0131 Spor Kul\u00fcb\u00fc, Soma Atl\u0131 Spor Kul\u00fcb\u00fc, Akhisar Y\u00f6r\u00fckleri Spor Kul\u00fcb\u00fc ve Akhisar Beyler Spor Kul\u00fcb\u00fc\u2019n\u00fcn kat\u0131ld\u0131\u011f\u0131 organizasyonda m\u00fcsabakalar 4 g\u00fcn boyunca 2 grup halinde oynand\u0131.<br \/>\n<br \/>Gruplar\u0131nda birinci olan Selendi Beyp\u0131nar Atl\u0131 Cirit Tak\u0131m\u0131 ile Selendi Karabeyler Spor Kul\u00fcb\u00fc finalde kar\u015f\u0131 kar\u015f\u0131ya geldi. Yo\u011fun ya\u011fmur alt\u0131nda oynanan ve U\u015fak b\u00f6lgesi hakemi B\u00fclent Demirel\u2019in y\u00f6netti\u011fi final m\u00fcsabakas\u0131nda Selendi Beyp\u0131nar rakibini 14-9 ma\u011flup ederek \u00e7eyrek finale y\u00fckseldi.<br \/>\n<br \/>Kar\u015f\u0131la\u015fman\u0131n ard\u0131ndan Beyp\u0131narl\u0131 sporcular davul zurna e\u015fli\u011finde \u015fampiyonluk sevinci ya\u015fad\u0131. \u015eampiyon olan Selendi Beyp\u0131nar\u2019a kupas\u0131n\u0131 Selendi Belediye Ba\u015fkan Vekili Mustafa Ata\u015fman takdim etti. \u0130kinci olan Selendi Karabeyler Spor Kul\u00fcb\u00fc\u2019ne kupa ve madalyalar\u0131n\u0131 ise \u0130l\u00e7e Jandarma Karakol Komutan\u0131 Mustafa Ceylan verdi.<br \/>\n<br \/>16 tak\u0131m\u0131n kat\u0131laca\u011f\u0131 \u00e7eyrek final m\u00fcsabakalar\u0131 4 grup halinde yap\u0131lacak, gruplar\u0131n\u0131 lider tamamlayan tak\u0131mlar yar\u0131 finale y\u00fckselecek.<br \/><\/p>\n","protected":false},"excerpt":{"rendered":"<p>Manisa\u2019n\u0131n Selendi il\u00e7esinde d\u00fczenlenen atl\u0131 cirit m\u00fcsabakalar\u0131n\u0131n finalinde rakibini ma\u011flup eden Selendi Beyp\u0131nar Atl\u0131 Spor Kul\u00fcb\u00fc, \u00e7eyrek finalde Manisa\u2019y\u0131 temsil etmeye hak kazand\u0131. Geleneksel Spor Dallar\u0131 Federasyonu faaliyetleri kapsam\u0131nda, Selendi \u0130l\u00e7e Spor M\u00fcd\u00fcrl\u00fc\u011f\u00fc organizat\u00f6rl\u00fc\u011f\u00fcnde yap\u0131lan 2025 sezonu Manisa elemeleri, Vali Muzaffer Ecemi\u015f Cirit Sahas\u0131\u2019nda ger\u00e7ekle\u015ftirildi. Selendi Beyp\u0131nar, Selendi Karabeyler, Selendi Atl\u0131 Spor Kul\u00fcb\u00fc, Soma Atl\u0131&#8230;<\/p>\n","protected":false},"author":1,"featured_media":52897,"comment_status":"open","ping_status":"open","sticky":false,"template":"","format":"standard","meta":{"_crdt_document":"","footnotes":""},"categories":[4],"tags":[],"class_list":["post-52896","post","type-post","status-publish","format-standard","has-post-thumbnail","hentry","category-spor"],"_links":{"self":[{"href":"https:\/\/www.egemtv.com\/index.php?rest_route=\/wp\/v2\/posts\/52896","targetHints":{"allow":["GET"]}}],"collection":[{"href":"https:\/\/www.egemtv.com\/index.php?rest_route=\/wp\/v2\/posts"}],"about":[{"href":"https:\/\/www.egemtv.com\/index.php?rest_route=\/wp\/v2\/types\/post"}],"author":[{"embeddable":true,"href":"https:\/\/www.egemtv.com\/index.php?rest_route=\/wp\/v2\/users\/1"}],"replies":[{"embeddable":true,"href":"https:\/\/www.egemtv.com\/index.php?rest_route=%2Fwp%2Fv2%2Fcomments&post=52896"}],"version-history":[{"count":1,"href":"https:\/\/www.egemtv.com\/index.php?rest_route=\/wp\/v2\/posts\/52896\/revisions"}],"predecessor-version":[{"id":52898,"href":"https:\/\/www.egemtv.com\/index.php?rest_route=\/wp\/v2\/posts\/52896\/revisions\/52898"}],"wp:featuredmedia":[{"embeddable":true,"href":"https:\/\/www.egemtv.com\/index.php?rest_route=\/wp\/v2\/media\/52897"}],"wp:attachment":[{"href":"https:\/\/www.egemtv.com\/index.php?rest_route=%2Fwp%2Fv2%2Fmedia&parent=52896"}],"wp:term":[{"taxonomy":"category","embeddable":true,"href":"https:\/\/www.egemtv.com\/index.php?rest_route=%2Fwp%2Fv2%2Fcategories&post=52896"},{"taxonomy":"post_tag","embeddable":true,"href":"https:\/\/www.egemtv.com\/index.php?rest_route=%2Fwp%2Fv2%2Ftags&post=52896"}],"curies":[{"name":"wp","href":"https:\/\/api.w.org\/{rel}","templated":true}]}}