{"id":52893,"date":"2025-09-05T22:16:55","date_gmt":"2025-09-05T19:16:55","guid":{"rendered":"https:\/\/www.egemtv.com\/?p=52893"},"modified":"2025-09-05T22:16:56","modified_gmt":"2025-09-05T19:16:56","slug":"manisa-muaythainin-buyuk-bulusmasina-ev-sahipligi-yapiyor","status":"publish","type":"post","link":"https:\/\/www.egemtv.com\/?p=52893","title":{"rendered":"Manisa, Muaythai\u2019nin b\u00fcy\u00fck bulu\u015fmas\u0131na ev sahipli\u011fi yap\u0131yor"},"content":{"rendered":"<p>Manisa, Muaythai sporunun b\u00fcy\u00fck bulu\u015fmas\u0131na ev sahipli\u011fi yapt\u0131. T\u00fcrkiye Muaythai Federasyonu, Manisa Gen\u00e7lik ve Spor \u0130l M\u00fcd\u00fcrl\u00fc\u011f\u00fc ile Saruhanl\u0131 Belediyesi i\u015fbirli\u011fiyle d\u00fczenlenen \u0130lleraras\u0131 16. Geleneksel Muaythai Zafer \u015eampiyonas\u0131 Atat\u00fcrk Spor Salonu\u2019nda a\u00e7\u0131l\u0131\u015f seremonisi ile ba\u015flad\u0131.<br \/>\n<br \/>Turnuvan\u0131n a\u00e7\u0131l\u0131\u015f\u0131na \u015eehzadeler Kaymakam\u0131 Fatih Genel, Saruhanl\u0131 Belediye Ba\u015fkan\u0131 Ekrem C\u0131ll\u0131, T\u00fcrkiye Muaythai Federasyonu As Ba\u015fkan\u0131 \u015eakir Bayramo\u011flu, Muaythai Manisa \u0130l Temsilcisi Ahmet Demiraslan, Manisa Gen\u00e7lik ve Spor \u0130l M\u00fcd\u00fcrl\u00fc\u011f\u00fc Spor Hizmetleri Birimi\u2019nden Mustafa Buldu ve Milli Tak\u0131m Antren\u00f6r\u00fc Ediz Bar\u0131\u015f kat\u0131ld\u0131.<br \/>\n<br \/>\u015eehzadeler Kaymakam\u0131 Fatih Genel, turnuvaya kat\u0131lan t\u00fcm sporculara ba\u015far\u0131 dileklerini iletti. Saruhanl\u0131 Belediye Ba\u015fkan\u0131 Ekrem C\u0131ll\u0131, il\u00e7elerinin sosyal belediyecili\u011fe \u00f6nem verdiklerini belirterek, ge\u00e7ti\u011fimiz g\u00fcnlerde Saruhanl\u0131\u2019da da Muaythai turnuvas\u0131na ev sahipli\u011fi yapt\u0131klar\u0131n\u0131 ifade etti. Muaythai Manisa \u0130l Temsilcisi Ahmet Demiraslan ise Manisa\u2019da bu sporun her ge\u00e7en g\u00fcn geli\u015fti\u011fini, ulusal ve uluslararas\u0131 arenada ba\u015far\u0131lar elde eden sporcular yeti\u015fti\u011fini kaydetti.<br \/>\n<br \/>Etkinlikte ayr\u0131ca Makedonya G\u00f6\u00e7menleri K\u00fclt\u00fcr\u00fcn\u00fc Ya\u015fatma ve Dayan\u0131\u015fma Derne\u011fi Halk Oyunlar\u0131 ekibi de bir g\u00f6steri sundu.<br \/>\n<br \/>Gen\u00e7ler ve elit b\u00fcy\u00fckler kategorilerinde yap\u0131lan \u015fampiyonaya Manisa, \u0130zmir, Ayd\u0131n, Burdur, U\u015fak, K\u00fctahya, Mu\u011fla, \u0130stanbul, Bal\u0131kesir, Afyon, Antalya, Isparta ve Denizli illerinden yakla\u015f\u0131k 250 sporcu kat\u0131ld\u0131.<br \/>\n<br \/>Bu y\u0131l, Manisa Muaythai\u2019sine uzun y\u0131llar emek vermi\u015f antren\u00f6rler Kaan Levent, Mustafa \u00d6ren, \u00c7a\u011flar Se\u00e7ilmi\u015f, Adem Demirci, Yasin \u00c7ift\u00e7i ve Tayyipcan Kaygas ad\u0131na d\u00fczenlenen turnuva 7 Eyl\u00fcl\u2019de sona erecek.<br \/><\/p>\n","protected":false},"excerpt":{"rendered":"<p>Manisa, Muaythai sporunun b\u00fcy\u00fck bulu\u015fmas\u0131na ev sahipli\u011fi yapt\u0131. T\u00fcrkiye Muaythai Federasyonu, Manisa Gen\u00e7lik ve Spor \u0130l M\u00fcd\u00fcrl\u00fc\u011f\u00fc ile Saruhanl\u0131 Belediyesi i\u015fbirli\u011fiyle d\u00fczenlenen \u0130lleraras\u0131 16. Geleneksel Muaythai Zafer \u015eampiyonas\u0131 Atat\u00fcrk Spor Salonu\u2019nda a\u00e7\u0131l\u0131\u015f seremonisi ile ba\u015flad\u0131. Turnuvan\u0131n a\u00e7\u0131l\u0131\u015f\u0131na \u015eehzadeler Kaymakam\u0131 Fatih Genel, Saruhanl\u0131 Belediye Ba\u015fkan\u0131 Ekrem C\u0131ll\u0131, T\u00fcrkiye Muaythai Federasyonu As Ba\u015fkan\u0131 \u015eakir Bayramo\u011flu, Muaythai Manisa&#8230;<\/p>\n","protected":false},"author":1,"featured_media":52894,"comment_status":"open","ping_status":"open","sticky":false,"template":"","format":"standard","meta":{"_crdt_document":"","footnotes":""},"categories":[4],"tags":[],"class_list":["post-52893","post","type-post","status-publish","format-standard","has-post-thumbnail","hentry","category-spor"],"_links":{"self":[{"href":"https:\/\/www.egemtv.com\/index.php?rest_route=\/wp\/v2\/posts\/52893","targetHints":{"allow":["GET"]}}],"collection":[{"href":"https:\/\/www.egemtv.com\/index.php?rest_route=\/wp\/v2\/posts"}],"about":[{"href":"https:\/\/www.egemtv.com\/index.php?rest_route=\/wp\/v2\/types\/post"}],"author":[{"embeddable":true,"href":"https:\/\/www.egemtv.com\/index.php?rest_route=\/wp\/v2\/users\/1"}],"replies":[{"embeddable":true,"href":"https:\/\/www.egemtv.com\/index.php?rest_route=%2Fwp%2Fv2%2Fcomments&post=52893"}],"version-history":[{"count":1,"href":"https:\/\/www.egemtv.com\/index.php?rest_route=\/wp\/v2\/posts\/52893\/revisions"}],"predecessor-version":[{"id":52895,"href":"https:\/\/www.egemtv.com\/index.php?rest_route=\/wp\/v2\/posts\/52893\/revisions\/52895"}],"wp:featuredmedia":[{"embeddable":true,"href":"https:\/\/www.egemtv.com\/index.php?rest_route=\/wp\/v2\/media\/52894"}],"wp:attachment":[{"href":"https:\/\/www.egemtv.com\/index.php?rest_route=%2Fwp%2Fv2%2Fmedia&parent=52893"}],"wp:term":[{"taxonomy":"category","embeddable":true,"href":"https:\/\/www.egemtv.com\/index.php?rest_route=%2Fwp%2Fv2%2Fcategories&post=52893"},{"taxonomy":"post_tag","embeddable":true,"href":"https:\/\/www.egemtv.com\/index.php?rest_route=%2Fwp%2Fv2%2Ftags&post=52893"}],"curies":[{"name":"wp","href":"https:\/\/api.w.org\/{rel}","templated":true}]}}