{"id":52890,"date":"2025-09-05T21:54:47","date_gmt":"2025-09-05T18:54:47","guid":{"rendered":"https:\/\/www.egemtv.com\/?p=52890"},"modified":"2025-09-05T21:54:48","modified_gmt":"2025-09-05T18:54:48","slug":"manisada-muhtarlar-yasa-degisikligini-gorustu","status":"publish","type":"post","link":"https:\/\/www.egemtv.com\/?p=52890","title":{"rendered":"Manisa\u2019da muhtarlar yasa de\u011fi\u015fikli\u011fini g\u00f6r\u00fc\u015ft\u00fc"},"content":{"rendered":"<p>Muhtarlar Konfederasyonu Genel Ba\u015fkan\u0131 Kadir Delibalta, Manisa\u2019da muhtarlarla bir araya gelerek Muhtarl\u0131k Yasas\u0131\u2019n\u0131n revize edilmesi gerekti\u011fini vurgulad\u0131. Delibalta, &#8220;Muhtarl\u0131k Yasas\u0131 muhtarlardan fazla bu devlete ve bu millete laz\u0131m&#8221; dedi.<br \/>\n<br \/>Muhtarlar Konfederasyonu Genel Ba\u015fkan\u0131 Kadir Delibalta, Yunusemre Aktif Muhtarlar Yard\u0131mla\u015fma ve Dayan\u0131\u015fma Derne\u011fi Ba\u015fkan\u0131 ve Yunusemre Demirci Mahallesi Muhtar\u0131 Ziyanur Bilge\u2019nin daveti \u00fczerine Manisa\u2019da dernek \u00fcyesi muhtarlarla bulu\u015ftu. Ziyaretlerde muhtarl\u0131k kurumunun devlet ad\u0131na sahada halk\u0131n sorunlar\u0131na \u00e7\u00f6z\u00fcm \u00fcreten \u00f6nemli bir yap\u0131 oldu\u011funu ifade etti.<\/p>\n<p>&#8220;Yasa TBMM g\u00fcndeminde&#8221;<br \/>\n<br \/>Delibalta, 2010 y\u0131l\u0131ndan bu yana en b\u00fcy\u00fck hedeflerinin Muhtarl\u0131k Yasas\u0131\u2019n\u0131n revize edilmesi oldu\u011funu belirterek, &#8220;\u00c7al\u0131\u015fmalar olgunla\u015ft\u0131 ve TBMM\u2019ye indi. T\u00fcrkiye\u2019nin g\u00fcndemi yo\u011fun, \u00f6ncelik s\u0131ras\u0131na g\u00f6re g\u00f6r\u00fc\u015f\u00fclecek. Yasa \u00e7\u0131k\u0131nca sonucu hep beraber g\u00f6rece\u011fiz&#8221; diye konu\u015ftu.<\/p>\n<p>&#8220;Adayl\u0131k tarihi ve GBT sorgulamas\u0131 \u015fart&#8221;<br \/>\n<br \/>Se\u00e7imlerde ya\u015fanan sorunlara dikkat \u00e7eken Delibalta, &#8220;Son dakikada aday \u00e7\u0131k\u0131labiliyor. E\u011fitim durumu \u015fart\u0131 getirilsin, GBT sorgulamas\u0131 yap\u0131ls\u0131n, adayl\u0131k tarihi belirlensin istiyoruz. Hi\u00e7 bo\u015f durmuyoruz, sorun neyse onun \u00fczerine odaklan\u0131yoruz&#8221; ifadelerini kulland\u0131.<\/p>\n<p>B\u00fcy\u00fck\u015fehir\u2019den muhtarlara destek<br \/>\n<br \/>Ege B\u00f6lgesi Muhtarlar Federasyonu Genel Ba\u015fkan\u0131 ve Muhtarlar Konfederasyonu Genel Ba\u015fkan Yard\u0131mc\u0131s\u0131 Kadir Ay\u015fe Taylan ise Manisa B\u00fcy\u00fck\u015fehir Belediye Ba\u015fkan\u0131 Besim Dutlulu\u2019nun muhtarlara m\u00fcjdeli haber verdi\u011fini duyurdu. Taylan, &#8220;Ba\u015fkan\u0131m\u0131z muhtarlara ayl\u0131k 5\u2019er bin lira destek verece\u011fini a\u00e7\u0131klad\u0131. Bu bizleri \u00e7ok mutlu etti&#8221; dedi.<br \/>\n<br \/>Delibalta da Dutlulu\u2019ya te\u015fekk\u00fcr ederek, 5390 say\u0131l\u0131 Belediye Kanunu\u2019nun 9. maddesi kapsam\u0131nda belediyelerin muhtarlara destek olabilece\u011fini hat\u0131rlatt\u0131. Program, merhum ba\u015fkan Ferdi Zeyrek\u2019in kabri ziyareti ve Cumhuriyet Meydan\u0131\u2019nda lokma hayr\u0131 ile sona erdi.<br \/><\/p>\n","protected":false},"excerpt":{"rendered":"<p>Muhtarlar Konfederasyonu Genel Ba\u015fkan\u0131 Kadir Delibalta, Manisa\u2019da muhtarlarla bir araya gelerek Muhtarl\u0131k Yasas\u0131\u2019n\u0131n revize edilmesi gerekti\u011fini vurgulad\u0131. Delibalta, &#8220;Muhtarl\u0131k Yasas\u0131 muhtarlardan fazla bu devlete ve bu millete laz\u0131m&#8221; dedi. Muhtarlar Konfederasyonu Genel Ba\u015fkan\u0131 Kadir Delibalta, Yunusemre Aktif Muhtarlar Yard\u0131mla\u015fma ve Dayan\u0131\u015fma Derne\u011fi Ba\u015fkan\u0131 ve Yunusemre Demirci Mahallesi Muhtar\u0131 Ziyanur Bilge\u2019nin daveti \u00fczerine Manisa\u2019da dernek \u00fcyesi&#8230;<\/p>\n","protected":false},"author":1,"featured_media":52891,"comment_status":"open","ping_status":"open","sticky":false,"template":"","format":"standard","meta":{"_crdt_document":"","footnotes":""},"categories":[127],"tags":[],"class_list":["post-52890","post","type-post","status-publish","format-standard","has-post-thumbnail","hentry","category-siyaset"],"_links":{"self":[{"href":"https:\/\/www.egemtv.com\/index.php?rest_route=\/wp\/v2\/posts\/52890","targetHints":{"allow":["GET"]}}],"collection":[{"href":"https:\/\/www.egemtv.com\/index.php?rest_route=\/wp\/v2\/posts"}],"about":[{"href":"https:\/\/www.egemtv.com\/index.php?rest_route=\/wp\/v2\/types\/post"}],"author":[{"embeddable":true,"href":"https:\/\/www.egemtv.com\/index.php?rest_route=\/wp\/v2\/users\/1"}],"replies":[{"embeddable":true,"href":"https:\/\/www.egemtv.com\/index.php?rest_route=%2Fwp%2Fv2%2Fcomments&post=52890"}],"version-history":[{"count":1,"href":"https:\/\/www.egemtv.com\/index.php?rest_route=\/wp\/v2\/posts\/52890\/revisions"}],"predecessor-version":[{"id":52892,"href":"https:\/\/www.egemtv.com\/index.php?rest_route=\/wp\/v2\/posts\/52890\/revisions\/52892"}],"wp:featuredmedia":[{"embeddable":true,"href":"https:\/\/www.egemtv.com\/index.php?rest_route=\/wp\/v2\/media\/52891"}],"wp:attachment":[{"href":"https:\/\/www.egemtv.com\/index.php?rest_route=%2Fwp%2Fv2%2Fmedia&parent=52890"}],"wp:term":[{"taxonomy":"category","embeddable":true,"href":"https:\/\/www.egemtv.com\/index.php?rest_route=%2Fwp%2Fv2%2Fcategories&post=52890"},{"taxonomy":"post_tag","embeddable":true,"href":"https:\/\/www.egemtv.com\/index.php?rest_route=%2Fwp%2Fv2%2Ftags&post=52890"}],"curies":[{"name":"wp","href":"https:\/\/api.w.org\/{rel}","templated":true}]}}